{"id":8920,"date":"2025-10-30T10:50:50","date_gmt":"2025-10-30T10:50:50","guid":{"rendered":"https:\/\/fss.cat\/?p=8920"},"modified":"2026-03-02T15:50:14","modified_gmt":"2026-03-02T15:50:14","slug":"som-dignara","status":"publish","type":"post","link":"https:\/\/fss.cat\/es\/som-dignara\/","title":{"rendered":"Som Dignara"},"content":{"rendered":"\t\t<div data-elementor-type=\"wp-post\" data-elementor-id=\"8920\" class=\"elementor elementor-8920\" data-elementor-post-type=\"post\">\n\t\t\t\t<div class=\"elementor-element elementor-element-bcc5037 e-flex e-con-boxed e-con e-parent\" data-id=\"bcc5037\" data-element_type=\"container\" data-e-type=\"container\">\n\t\t\t\t\t<div class=\"e-con-inner\">\n\t\t\t\t<div class=\"elementor-element elementor-element-524df2b elementor-widget elementor-widget-text-editor\" data-id=\"524df2b\" data-element_type=\"widget\" data-e-type=\"widget\" data-widget_type=\"text-editor.default\">\n\t\t\t\t\t\t\t\t\t<p>Hem assistit a la presentaci\u00f3 de la nova entitat <a href=\"https:\/\/dignara.org\/\">Dignara<\/a>, l&#8217;Associaci\u00f3 d&#8217;Entitats Socials d&#8217;Atenci\u00f3 a les Persones que ha tingut lloc el dia 28 d&#8217;octubre a Barcelona.<\/p><p>Dignara neix de la uni\u00f3 de l&#8217;associaci\u00f3 Centres Sociosanitaris Cat\u00f2lics de Catalunya (CSSCC) i de la Federaci\u00f3 d&#8217;Entitats d&#8217;Atenci\u00f3 a l&#8217;Envelliment (FEATE), entitat de la qual la Fundaci\u00f3 Santa Susanna ha format part activament. Aquesta uni\u00f3 dona m\u00e9s for\u00e7a com a col\u00b7lectiu, ampliant la representativitat i incid\u00e8ncia dins del tercer sector social.<\/p><p>Assumpci\u00f3 Ros, directora general de la Fundaci\u00f3 Santa Susanna i vicepresidenta de la FEATE, va intervenir en la taula rodona \u00abQu\u00e8 ens ha dut fins aqu\u00ed?\u00bb.<\/p>\t\t\t\t\t\t\t\t<\/div>\n\t\t\t\t\t<\/div>\n\t\t\t\t<\/div>\n\t\t<div class=\"elementor-element elementor-element-aaae80e e-con-full e-flex e-con e-parent\" data-id=\"aaae80e\" data-element_type=\"container\" data-e-type=\"container\">\n\t\t\t\t<div class=\"elementor-element elementor-element-8056acc elementor-widget elementor-widget-image\" data-id=\"8056acc\" data-element_type=\"widget\" data-e-type=\"widget\" data-widget_type=\"image.default\">\n\t\t\t\t\t\t\t\t\t\t\t\t\t\t\t<img fetchpriority=\"high\" decoding=\"async\" width=\"800\" height=\"600\" src=\"https:\/\/fss.cat\/wp-content\/uploads\/2025\/10\/IMG_20251028_163907-1024x768.webp\" class=\"attachment-large size-large wp-image-8922\" alt=\"\" srcset=\"https:\/\/fss.cat\/wp-content\/uploads\/2025\/10\/IMG_20251028_163907-1024x768.webp 1024w, https:\/\/fss.cat\/wp-content\/uploads\/2025\/10\/IMG_20251028_163907-300x225.webp 300w, https:\/\/fss.cat\/wp-content\/uploads\/2025\/10\/IMG_20251028_163907-768x576.webp 768w, https:\/\/fss.cat\/wp-content\/uploads\/2025\/10\/IMG_20251028_163907-1536x1152.webp 1536w, https:\/\/fss.cat\/wp-content\/uploads\/2025\/10\/IMG_20251028_163907-scaled.webp 1920w, https:\/\/fss.cat\/wp-content\/uploads\/2025\/10\/IMG_20251028_163907-600x450.webp 600w\" sizes=\"(max-width: 800px) 100vw, 800px\" \/>\t\t\t\t\t\t\t\t\t\t\t\t\t\t\t<\/div>\n\t\t\t\t<\/div>\n\t\t<div class=\"elementor-element elementor-element-64b3ad2 e-con-full e-flex e-con e-parent\" data-id=\"64b3ad2\" data-element_type=\"container\" data-e-type=\"container\">\n\t\t\t\t<div class=\"elementor-element elementor-element-cf8ea6a elementor-widget elementor-widget-image\" data-id=\"cf8ea6a\" data-element_type=\"widget\" data-e-type=\"widget\" data-widget_type=\"image.default\">\n\t\t\t\t\t\t\t\t\t\t\t\t\t\t\t<img decoding=\"async\" width=\"800\" height=\"483\" src=\"https:\/\/fss.cat\/wp-content\/uploads\/2025\/10\/Captura-de-pantalla-2025-10-30-114739-1024x618.webp\" class=\"attachment-large size-large wp-image-9025\" alt=\"\" srcset=\"https:\/\/fss.cat\/wp-content\/uploads\/2025\/10\/Captura-de-pantalla-2025-10-30-114739-1024x618.webp 1024w, https:\/\/fss.cat\/wp-content\/uploads\/2025\/10\/Captura-de-pantalla-2025-10-30-114739-300x181.webp 300w, https:\/\/fss.cat\/wp-content\/uploads\/2025\/10\/Captura-de-pantalla-2025-10-30-114739-768x463.webp 768w, https:\/\/fss.cat\/wp-content\/uploads\/2025\/10\/Captura-de-pantalla-2025-10-30-114739-600x362.webp 600w, https:\/\/fss.cat\/wp-content\/uploads\/2025\/10\/Captura-de-pantalla-2025-10-30-114739.webp 1179w\" sizes=\"(max-width: 800px) 100vw, 800px\" \/>\t\t\t\t\t\t\t\t\t\t\t\t\t\t\t<\/div>\n\t\t\t\t<\/div>\n\t\t\t\t<\/div>\n\t\t","protected":false},"excerpt":{"rendered":"<p>Hem assistit a la presentaci\u00f3 de la nova entitat Dignara, l&#8217;Associaci\u00f3 d&#8217;Entitats Socials d&#8217;Atenci\u00f3 a les Persones que ha tingut lloc el dia 28 d&#8217;octubre a Barcelona. Dignara neix de la uni\u00f3 de l&#8217;associaci\u00f3 Centres Sociosanitaris Cat\u00f2lics de Catalunya (CSSCC) i de la Federaci\u00f3 d&#8217;Entitats d&#8217;Atenci\u00f3 a l&#8217;Envelliment (FEATE), entitat de la qual la Fundaci\u00f3 [&hellip;]<\/p>\n","protected":false},"author":5,"featured_media":9025,"comment_status":"closed","ping_status":"closed","sticky":false,"template":"","format":"standard","meta":{"_acf_changed":false,"footnotes":""},"categories":[26,1],"tags":[],"class_list":["post-8920","post","type-post","status-publish","format-standard","has-post-thumbnail","hentry","category-atencio-a-lenvelliment","category-fundacio-santa-susanna"],"acf":[],"_links":{"self":[{"href":"https:\/\/fss.cat\/es\/wp-json\/wp\/v2\/posts\/8920","targetHints":{"allow":["GET"]}}],"collection":[{"href":"https:\/\/fss.cat\/es\/wp-json\/wp\/v2\/posts"}],"about":[{"href":"https:\/\/fss.cat\/es\/wp-json\/wp\/v2\/types\/post"}],"author":[{"embeddable":true,"href":"https:\/\/fss.cat\/es\/wp-json\/wp\/v2\/users\/5"}],"replies":[{"embeddable":true,"href":"https:\/\/fss.cat\/es\/wp-json\/wp\/v2\/comments?post=8920"}],"version-history":[{"count":0,"href":"https:\/\/fss.cat\/es\/wp-json\/wp\/v2\/posts\/8920\/revisions"}],"wp:featuredmedia":[{"embeddable":true,"href":"https:\/\/fss.cat\/es\/wp-json\/wp\/v2\/media\/9025"}],"wp:attachment":[{"href":"https:\/\/fss.cat\/es\/wp-json\/wp\/v2\/media?parent=8920"}],"wp:term":[{"taxonomy":"category","embeddable":true,"href":"https:\/\/fss.cat\/es\/wp-json\/wp\/v2\/categories?post=8920"},{"taxonomy":"post_tag","embeddable":true,"href":"https:\/\/fss.cat\/es\/wp-json\/wp\/v2\/tags?post=8920"}],"curies":[{"name":"wp","href":"https:\/\/api.w.org\/{rel}","templated":true}]}}