{"id":5579,"date":"2024-03-11T17:43:20","date_gmt":"2024-03-11T17:43:20","guid":{"rendered":"https:\/\/resi.prova.cat\/enfortint-aliances-per-impulsar-la-formacio-sanitaria-a-la-comarca\/"},"modified":"2025-07-09T11:15:13","modified_gmt":"2025-07-09T11:15:13","slug":"enfortint-aliances-per-impulsar-la-formacio-sanitaria-a-la-comarca","status":"publish","type":"post","link":"https:\/\/fss.cat\/es\/enfortint-aliances-per-impulsar-la-formacio-sanitaria-a-la-comarca\/","title":{"rendered":"Enfortint aliances per impulsar la formaci\u00f3 sanit\u00e0ria a la comarca"},"content":{"rendered":"<p>La Fundaci\u00f3 Santa Susanna ha acollit aquest mat\u00ed la <strong>presentaci\u00f3 dels nous cicles formatius de l&#8217;Escola Pia de Caldes en un acte conjunt<\/strong> en el que hi han participat responsables de totes les institucions implicades: Escola Pia, Fundaci\u00f3 Sanit\u00e0ria Mollet, Sagal\u00e9s i Fundaci\u00f3 Santa Susanna.<\/p>\n<p><img fetchpriority=\"high\" decoding=\"async\" class=\"aligncenter wp-image-3605\" src=\"https:\/\/fss.cat\/wp-content\/uploads\/2025\/07\/RdP_Nous_Cicles_EPCaldes7-e1710178468345-1024x913.jpeg\" alt=\"\" width=\"489\" height=\"436\" \/><\/p>\n<p><a href=\"https:\/\/caldes.escolapia.cat\/cicles-formatius\/\">L\u2019Escola Pia Caldes oferir\u00e0, a partir del curs 2024-25, <strong>4 graus de Formaci\u00f3 Professional de la branca sanit\u00e0ria<\/strong><\/a>, 3 graus m\u00e9s que fins ara: els Graus Mitjans de Cures Auxiliars d\u2019Infermeria i el d\u2019Emerg\u00e8ncies Sanit\u00e0ries i els Graus Superiors d\u2019Imatge per al Diagn\u00f2stic i el de Documentaci\u00f3 i Administraci\u00f3 Sanit\u00e0ries.<br \/>\nAquests estudis s\u2019imparteixen al Campus Docent de la Fundaci\u00f3 Sanit\u00e0ria Mollet que aporta no nom\u00e9s els espais, sin\u00f3 tamb\u00e9 professionals en actiu com a docents i possibilitats de pr\u00e0ctiques i inserci\u00f3 laboral. Tamb\u00e9, acullen alumnat en pr\u00e0ctiques altres empreses del sector amb seu a la comarca com la Fundaci\u00f3 Santa Susanna i Sagal\u00e9s.<\/p>\n<p>Assumpci\u00f3 Ros, directora general de la Fundaci\u00f3 Santa Susanna ha destacat: <strong>\u00ab\u00c9s un goig crear aliances per formar professionals de la salut, cuidar els altres ha de ser una passi\u00f3. Renovem el comprom\u00eds d&#8217;acompanyar en el sector de l&#8217;atenci\u00f3 a les persones.\u00bb.<\/strong><\/p>\n<p><img decoding=\"async\" class=\"aligncenter wp-image-3606\" src=\"https:\/\/fss.cat\/wp-content\/uploads\/2025\/07\/RdP_Nous_Cicles_EPCaldes4-scaled-1-1024x683.jpg\" alt=\"\" width=\"437\" height=\"292\" \/><\/p>\n<p style=\"text-align: center;\"><iframe title=\"YouTube video player\" src=\"https:\/\/www.youtube.com\/embed\/qKEidIAk7jA?si=Ubyp1fiFx0NE_E1-\" width=\"560\" height=\"315\" frameborder=\"0\" allowfullscreen=\"allowfullscreen\"><\/iframe><\/p>\n","protected":false},"excerpt":{"rendered":"<p>La Fundaci\u00f3 Santa Susanna ha acollit aquest mat\u00ed la presentaci\u00f3 dels nous cicles formatius de l&#8217;Escola Pia de Caldes en un acte conjunt en el que hi han participat responsables de totes les institucions implicades: Escola Pia, Fundaci\u00f3 Sanit\u00e0ria Mollet, Sagal\u00e9s i Fundaci\u00f3 Santa Susanna. L\u2019Escola Pia Caldes oferir\u00e0, a partir del curs 2024-25, 4 [&hellip;]<\/p>\n","protected":false},"author":1,"featured_media":5583,"comment_status":"closed","ping_status":"closed","sticky":false,"template":"","format":"standard","meta":{"_acf_changed":false,"footnotes":""},"categories":[27],"tags":[],"class_list":["post-5579","post","type-post","status-publish","format-standard","has-post-thumbnail","hentry","category-atencio-intermedia"],"acf":[],"_links":{"self":[{"href":"https:\/\/fss.cat\/es\/wp-json\/wp\/v2\/posts\/5579","targetHints":{"allow":["GET"]}}],"collection":[{"href":"https:\/\/fss.cat\/es\/wp-json\/wp\/v2\/posts"}],"about":[{"href":"https:\/\/fss.cat\/es\/wp-json\/wp\/v2\/types\/post"}],"author":[{"embeddable":true,"href":"https:\/\/fss.cat\/es\/wp-json\/wp\/v2\/users\/1"}],"replies":[{"embeddable":true,"href":"https:\/\/fss.cat\/es\/wp-json\/wp\/v2\/comments?post=5579"}],"version-history":[{"count":0,"href":"https:\/\/fss.cat\/es\/wp-json\/wp\/v2\/posts\/5579\/revisions"}],"wp:featuredmedia":[{"embeddable":true,"href":"https:\/\/fss.cat\/es\/wp-json\/wp\/v2\/media\/5583"}],"wp:attachment":[{"href":"https:\/\/fss.cat\/es\/wp-json\/wp\/v2\/media?parent=5579"}],"wp:term":[{"taxonomy":"category","embeddable":true,"href":"https:\/\/fss.cat\/es\/wp-json\/wp\/v2\/categories?post=5579"},{"taxonomy":"post_tag","embeddable":true,"href":"https:\/\/fss.cat\/es\/wp-json\/wp\/v2\/tags?post=5579"}],"curies":[{"name":"wp","href":"https:\/\/api.w.org\/{rel}","templated":true}]}}