{"id":5576,"date":"2024-03-08T11:05:11","date_gmt":"2024-03-08T11:05:11","guid":{"rendered":"https:\/\/resi.prova.cat\/santa-susanna-es-noticia-2024-02\/"},"modified":"2024-03-08T11:05:11","modified_gmt":"2024-03-08T11:05:11","slug":"santa-susanna-es-noticia-2024-02","status":"publish","type":"post","link":"https:\/\/fss.cat\/es\/santa-susanna-es-noticia-2024-02\/","title":{"rendered":"Santa Susanna \u00e9s not\u00edcia (2024 02)"},"content":{"rendered":"<p>Aquest \u00e9s el recull de not\u00edcies vinculades a les fundacions Santa Susanna del mes de febrer:<\/p>\n<p style=\"text-align: center;\"><a href=\"https:\/\/www.fss.cat\/wp-content\/uploads\/2024\/03\/Santa-Susanna-es-noticia-2024-02.pdf\">Santa Susanna \u00e9s not\u00edcia 2024 02<\/a><\/p>\n<ul>\n<li>Mar i cel: projecte participatiu a benefici de la Fundaci\u00f3 Santa Susanna<\/li>\n<li>Serveis funeraris no lucratius<\/li>\n<li>Viv\u00e8ncies (el programa de la Fundaci\u00f3 a R\u00e0dio Caldes): bon humor, carnaval i quaresma amb la participaci\u00f3 de persones usu\u00e0ries de la resid\u00e8ncia i de l&#8217;hospital de dia<\/li>\n<\/ul>\n","protected":false},"excerpt":{"rendered":"<p>Aquest \u00e9s el recull de not\u00edcies vinculades a les fundacions Santa Susanna del mes de febrer: Santa Susanna \u00e9s not\u00edcia 2024 02 Mar i cel: projecte participatiu a benefici de la Fundaci\u00f3 Santa Susanna Serveis funeraris no lucratius Viv\u00e8ncies (el programa de la Fundaci\u00f3 a R\u00e0dio Caldes): bon humor, carnaval i quaresma amb la participaci\u00f3 [&hellip;]<\/p>\n","protected":false},"author":1,"featured_media":5419,"comment_status":"closed","ping_status":"closed","sticky":false,"template":"","format":"standard","meta":{"_acf_changed":false,"footnotes":""},"categories":[],"tags":[],"class_list":["post-5576","post","type-post","status-publish","format-standard","has-post-thumbnail","hentry"],"acf":[],"_links":{"self":[{"href":"https:\/\/fss.cat\/es\/wp-json\/wp\/v2\/posts\/5576","targetHints":{"allow":["GET"]}}],"collection":[{"href":"https:\/\/fss.cat\/es\/wp-json\/wp\/v2\/posts"}],"about":[{"href":"https:\/\/fss.cat\/es\/wp-json\/wp\/v2\/types\/post"}],"author":[{"embeddable":true,"href":"https:\/\/fss.cat\/es\/wp-json\/wp\/v2\/users\/1"}],"replies":[{"embeddable":true,"href":"https:\/\/fss.cat\/es\/wp-json\/wp\/v2\/comments?post=5576"}],"version-history":[{"count":0,"href":"https:\/\/fss.cat\/es\/wp-json\/wp\/v2\/posts\/5576\/revisions"}],"wp:featuredmedia":[{"embeddable":true,"href":"https:\/\/fss.cat\/es\/wp-json\/wp\/v2\/media\/5419"}],"wp:attachment":[{"href":"https:\/\/fss.cat\/es\/wp-json\/wp\/v2\/media?parent=5576"}],"wp:term":[{"taxonomy":"category","embeddable":true,"href":"https:\/\/fss.cat\/es\/wp-json\/wp\/v2\/categories?post=5576"},{"taxonomy":"post_tag","embeddable":true,"href":"https:\/\/fss.cat\/es\/wp-json\/wp\/v2\/tags?post=5576"}],"curies":[{"name":"wp","href":"https:\/\/api.w.org\/{rel}","templated":true}]}}