{"id":5574,"date":"2024-02-06T10:15:33","date_gmt":"2024-02-06T10:15:33","guid":{"rendered":"https:\/\/resi.prova.cat\/santa-susanna-es-noticia-2024-01\/"},"modified":"2024-02-06T10:15:33","modified_gmt":"2024-02-06T10:15:33","slug":"santa-susanna-es-noticia-2024-01","status":"publish","type":"post","link":"https:\/\/fss.cat\/es\/santa-susanna-es-noticia-2024-01\/","title":{"rendered":"Santa Susanna \u00e9s not\u00edcia (2024 01)"},"content":{"rendered":"<p>Aquest \u00e9s el recull de not\u00edcies vinculades a les fundacions Santa Susanna del mes de gener:<\/p>\n<p style=\"text-align: center;\"><a href=\"https:\/\/www.fss.cat\/wp-content\/uploads\/2024\/02\/Santa-Susanna-es-noticia-2024-01_compressed.pdf\">Santa Susanna \u00e9s not\u00edcia 2024 01<\/a><\/p>\n<ul>\n<li>Mar i cel: projecte participatiu a benefici de la Fundaci\u00f3 Santa Susanna<\/li>\n<li>Renovaci\u00f3 del Servei de dinamitzaci\u00f3 de les activitats socioeducatives per la gent gran de Caldes de Montbui<\/li>\n<li>Viv\u00e8ncies (el programa de la Fundaci\u00f3 a R\u00e0dio Caldes): Mar i cel; El projecte \u00abCom ha de ser la resid\u00e8ncia en la que m&#8217;agradaria viure\u00bb de la FATEC<\/li>\n<\/ul>\n","protected":false},"excerpt":{"rendered":"<p>Aquest \u00e9s el recull de not\u00edcies vinculades a les fundacions Santa Susanna del mes de gener: Santa Susanna \u00e9s not\u00edcia 2024 01 Mar i cel: projecte participatiu a benefici de la Fundaci\u00f3 Santa Susanna Renovaci\u00f3 del Servei de dinamitzaci\u00f3 de les activitats socioeducatives per la gent gran de Caldes de Montbui Viv\u00e8ncies (el programa de [&hellip;]<\/p>\n","protected":false},"author":1,"featured_media":5419,"comment_status":"closed","ping_status":"closed","sticky":false,"template":"","format":"standard","meta":{"_acf_changed":false,"footnotes":""},"categories":[],"tags":[],"class_list":["post-5574","post","type-post","status-publish","format-standard","has-post-thumbnail","hentry"],"acf":[],"_links":{"self":[{"href":"https:\/\/fss.cat\/es\/wp-json\/wp\/v2\/posts\/5574","targetHints":{"allow":["GET"]}}],"collection":[{"href":"https:\/\/fss.cat\/es\/wp-json\/wp\/v2\/posts"}],"about":[{"href":"https:\/\/fss.cat\/es\/wp-json\/wp\/v2\/types\/post"}],"author":[{"embeddable":true,"href":"https:\/\/fss.cat\/es\/wp-json\/wp\/v2\/users\/1"}],"replies":[{"embeddable":true,"href":"https:\/\/fss.cat\/es\/wp-json\/wp\/v2\/comments?post=5574"}],"version-history":[{"count":0,"href":"https:\/\/fss.cat\/es\/wp-json\/wp\/v2\/posts\/5574\/revisions"}],"wp:featuredmedia":[{"embeddable":true,"href":"https:\/\/fss.cat\/es\/wp-json\/wp\/v2\/media\/5419"}],"wp:attachment":[{"href":"https:\/\/fss.cat\/es\/wp-json\/wp\/v2\/media?parent=5574"}],"wp:term":[{"taxonomy":"category","embeddable":true,"href":"https:\/\/fss.cat\/es\/wp-json\/wp\/v2\/categories?post=5574"},{"taxonomy":"post_tag","embeddable":true,"href":"https:\/\/fss.cat\/es\/wp-json\/wp\/v2\/tags?post=5574"}],"curies":[{"name":"wp","href":"https:\/\/api.w.org\/{rel}","templated":true}]}}