{"id":5466,"date":"2023-06-09T08:49:46","date_gmt":"2023-06-09T08:49:46","guid":{"rendered":"https:\/\/resi.prova.cat\/som-entitat-beneficiaria-de-lorfeo-climent-cuspinera\/"},"modified":"2025-07-09T10:42:12","modified_gmt":"2025-07-09T10:42:12","slug":"som-entitat-beneficiaria-de-lorfeo-climent-cuspinera","status":"publish","type":"post","link":"https:\/\/fss.cat\/es\/som-entitat-beneficiaria-de-lorfeo-climent-cuspinera\/","title":{"rendered":"Som entitat benefici\u00e0ria de l&#8217;Orfe\u00f3 Climent Cuspinera"},"content":{"rendered":"<p>La Fundaci\u00f3 Santa Susanna \u00e9s una de les entitats benefici\u00e0ries, juntament amb Caldes solid\u00e0ria, de l&#8217;Orfe\u00f3 Climent Cuspinera.<\/p>\n<p>El benefici \u00e9s doble: econ\u00f2mic i inclusiu.\u00a0 D&#8217;aquesta manera, la Fundaci\u00f3 rebr\u00e0 donatius econ\u00f2mics de l&#8217;activitat de l&#8217;Orfe\u00f3 i, alhora, les persones grans tindran l&#8217;ocasi\u00f3 de participar-hi activament.<\/p>\n<p>Actualment estan fent els preparatius per l&#8217;obra <strong>Mar i Cel<\/strong>, els beneficis de la qual es destinaran a la Fundaci\u00f3. Animem a tothom a col\u00b7laborar-hi i a assistir a la <strong>reuni\u00f3 informativa que tindr\u00e0 lloc el dissabte 17 de juny<\/strong> a les 11:00 a Les Cases dels Mestres.<\/p>\n<p><img fetchpriority=\"high\" decoding=\"async\" class=\"aligncenter wp-image-3169\" src=\"https:\/\/fss.cat\/wp-content\/uploads\/2025\/07\/IMG-20230607-WA0000-724x1024.jpg\" alt=\"\" width=\"405\" height=\"572\" \/><\/p>\n<p>&nbsp;<\/p>\n<p><strong>L&#8217;Orfe\u00f3 Climent Cuspinera<\/strong><\/p>\n<p>L&#8217;Orfe\u00f3 \u00e9s un espai de trobada i germanor de cantaires de Caldes de Montbui, que organitza concerts participatius per poder cantar junts fent obres de gran format. En els cinc anys de traject\u00f2ria han aconseguit la participaci\u00f3 de 567 cantaires i 12 entitats promotores i benefici\u00e0ries, han fet 43 espectacles particpatius al municipi i han obtingut 10.000 \u20ac que han aportat a projectes socials.<\/p>\n<p>M\u00e9s informaci\u00f3 a la seva web: <a href=\"https:\/\/www.orfeoclimentcuspinera.cat\/\">https:\/\/www.orfeoclimentcuspinera.cat\/<\/a><\/p>\n<p>&nbsp;<\/p>\n<p>&nbsp;<\/p>\n<p>&nbsp;<\/p>\n<p>&nbsp;<\/p>\n<h4 class=\"m-size-19 size-24\"><\/h4>\n","protected":false},"excerpt":{"rendered":"<p>La Fundaci\u00f3 Santa Susanna \u00e9s una de les entitats benefici\u00e0ries, juntament amb Caldes solid\u00e0ria, de l&#8217;Orfe\u00f3 Climent Cuspinera. El benefici \u00e9s doble: econ\u00f2mic i inclusiu.\u00a0 D&#8217;aquesta manera, la Fundaci\u00f3 rebr\u00e0 donatius econ\u00f2mics de l&#8217;activitat de l&#8217;Orfe\u00f3 i, alhora, les persones grans tindran l&#8217;ocasi\u00f3 de participar-hi activament. Actualment estan fent els preparatius per l&#8217;obra Mar i [&hellip;]<\/p>\n","protected":false},"author":1,"featured_media":5469,"comment_status":"closed","ping_status":"closed","sticky":false,"template":"","format":"standard","meta":{"_acf_changed":false,"footnotes":""},"categories":[],"tags":[],"class_list":["post-5466","post","type-post","status-publish","format-standard","has-post-thumbnail","hentry"],"acf":[],"_links":{"self":[{"href":"https:\/\/fss.cat\/es\/wp-json\/wp\/v2\/posts\/5466","targetHints":{"allow":["GET"]}}],"collection":[{"href":"https:\/\/fss.cat\/es\/wp-json\/wp\/v2\/posts"}],"about":[{"href":"https:\/\/fss.cat\/es\/wp-json\/wp\/v2\/types\/post"}],"author":[{"embeddable":true,"href":"https:\/\/fss.cat\/es\/wp-json\/wp\/v2\/users\/1"}],"replies":[{"embeddable":true,"href":"https:\/\/fss.cat\/es\/wp-json\/wp\/v2\/comments?post=5466"}],"version-history":[{"count":0,"href":"https:\/\/fss.cat\/es\/wp-json\/wp\/v2\/posts\/5466\/revisions"}],"wp:featuredmedia":[{"embeddable":true,"href":"https:\/\/fss.cat\/es\/wp-json\/wp\/v2\/media\/5469"}],"wp:attachment":[{"href":"https:\/\/fss.cat\/es\/wp-json\/wp\/v2\/media?parent=5466"}],"wp:term":[{"taxonomy":"category","embeddable":true,"href":"https:\/\/fss.cat\/es\/wp-json\/wp\/v2\/categories?post=5466"},{"taxonomy":"post_tag","embeddable":true,"href":"https:\/\/fss.cat\/es\/wp-json\/wp\/v2\/tags?post=5466"}],"curies":[{"name":"wp","href":"https:\/\/api.w.org\/{rel}","templated":true}]}}