{"id":5464,"date":"2023-06-08T07:15:55","date_gmt":"2023-06-08T07:15:55","guid":{"rendered":"https:\/\/resi.prova.cat\/espai-de-cures-espai-de-dones\/"},"modified":"2023-06-08T07:15:55","modified_gmt":"2023-06-08T07:15:55","slug":"espai-de-cures-espai-de-dones","status":"publish","type":"post","link":"https:\/\/fss.cat\/es\/espai-de-cures-espai-de-dones\/","title":{"rendered":"Espai de cures, espai de dones"},"content":{"rendered":"<p>Amb motiu del <span class=\"hiddenGrammarError\">Dia<\/span>\u00a0internacional d&#8217;Acci\u00f3 per a la salut de les dones, la Fundaci\u00f3 Santa Susanna va organitzar una sessi\u00f3 del <strong>Cicle Conversem sobre salut<\/strong> dedicada a les dones cuidadores: \u00abEspai de cures, espai de dones\u00bb.<br \/>\nL&#8217;acte va tenir lloc el dia 31 de maig al Punt de trobada de la Fundaci\u00f3 i va anar a c\u00e0rrec de la Dra. Francesca\u00a0Zapater, metgessa de fam\u00edlia jubilada i membre del Consell de Mecenes de \u00abEl Diari de la Sanitat\u00bb.<\/p>\n<p>&nbsp;<\/p>\n<p>La\u00a0<span class=\"hiddenGrammarError\" style=\"padding-bottom: 2px; background-image: url('..\/..\/..\/..\/..\/images\/squiggle.png'); background-repeat: repeat-x; background-position: left bottom; cursor: default; color: #000000; font-family: 'Open Sans', Helvetica, Arial, sans-serif; font-size: 16px; font-style: normal; font-variant-ligatures: normal; font-variant-caps: normal; font-weight: 300; letter-spacing: normal; orphans: 2; text-align: start; text-indent: 0px; text-transform: none; widows: 2; word-spacing: 0px; -webkit-text-stroke-width: 0px; white-space: normal; text-decoration-thickness: initial; text-decoration-style: initial; text-decoration-color: initial;\">Dra.<\/span>\u00a0<span class=\"hiddenSpellError\">Zapater<\/span>\u00a0va defensar que <strong>totes les persones tenim necessitat de cures<\/strong>, des que naixem fins que morim, entenent per cures totes les activitats que assisteixen mantenen la vida en totes les seves dimensions (biol\u00f2gica, emocional i social). Malgrat que ning\u00fa no pot viure sense l&#8217;ajuda dels altres, <strong>les cures estan poc valorades i\u00a0invisibilitzades<\/strong>.<br \/>\nLes cures recauen majorit\u00e0riament en una part de la societat: dones i pobres, evidenciant les<strong> desigualtats de g\u00e8nere i classe<\/strong>. En el cas de les persones dependents, per exemple, m\u00e9s del 80% s\u00f3n dones cuidadores (tant si s\u00f3n familiars com professionals). Altres dades significatives s\u00f3n: el 70% de les cuidadores no remunerades no ha superat els estudis primaris i el 63% de les cuidadores remunerades s\u00f3n migrants; i malgrat la import\u00e0ncia de la seva feina, estan sotmeses a unes condicions salarials i laborals pitjors que les de la resta de persones treballadores.<\/p>\n<p>&nbsp;<\/p>\n<p>Tamb\u00e9 es va posar\u00a0en relleu\u00a0<strong>l&#8217;impacte en la salut<\/strong> de les persones, at\u00e8s que la salut est\u00e0 directament relacionada amb les condicions de vida i de treball. I aquest fet est\u00e0 agreujat per la manca de reconeixement de les cures i la no consideraci\u00f3 com a una feina les cures en l&#8217;entorn familiar.<br \/>\nCom la\u00a0Dra.\u00a0<span class=\"hiddenSpellError\">Zapater<\/span>\u00a0va argumentar <strong>\u00abcuidar no \u00e9s nom\u00e9s una activitat, \u00e9s tamb\u00e9 una actitud de relaci\u00f3 que\u00a0<span class=\"hiddenGrammarError\" style=\"padding-bottom: 2px; background-image: url('..\/..\/..\/..\/..\/images\/squiggle.png'); background-repeat: repeat-x; background-position: left bottom; cursor: default; color: #000000; font-family: 'Open Sans', Helvetica, Arial, sans-serif; font-size: 16px; font-style: normal; font-variant-ligatures: normal; font-variant-caps: normal; letter-spacing: normal; orphans: 2; text-align: start; text-indent: 0px; text-transform: none; widows: 2; word-spacing: 0px; -webkit-text-stroke-width: 0px; white-space: normal; text-decoration-thickness: initial; text-decoration-style: initial; text-decoration-color: initial;\">dona<\/span>\u00a0valor al vincle social i t\u00e9 un potencial transformador\u00bb<\/strong>, i va fer diferents propostes per <strong>posar les cures en el centre de la societat<\/strong> i superar les desigualtats que avui les caracteritzen:<\/p>\n<p>&nbsp;<\/p>\n<p>1. <strong>Corresponsabilitat<\/strong> en tots els \u00e0mbits. Repartir les tasques de cures entre homes i dones, tant en les fam\u00edlies com en les ocupacions, amb l&#8217;objectiu del 50% (paritat). Pol\u00edtiques d&#8217;igualtat amb els homes com a subjecte diana en les administracions, empreses, formaci\u00f3&#8230;<br \/>\n2. <strong>Donar valor social<\/strong> als treballs relacionats amb les cures: reconeixement professional, millores laborals i salarials.<br \/>\n3. <strong>Recon\u00e8ixer el treball de cures<\/strong> i el seu impacte en salut i donar-li una resposta no medicalitzada. Atenci\u00f3 sanit\u00e0ria amb mirada de g\u00e8nere.<br \/>\n4. <strong>Refor\u00e7ar la participaci\u00f3 de l&#8217;estat i reduir la mercantilitzaci\u00f3<\/strong>. Anar cap a un sistema p\u00fablic de cures.<br \/>\n5. <strong>Socialitzar les responsabilitats de les cures<\/strong>, m\u00e9s enll\u00e0 de la fam\u00edlia. Dimensiones comunit\u00e0ries, pol\u00edtiques de benestar. La cura \u00e9s una q\u00fcesti\u00f3 pol\u00edtica, no individual.<br \/>\n6.<strong> Cuidar a la que cuida<\/strong>, potenciant l&#8217;autocura i les xarxes i programes de suport a les cuidadores.<\/p>\n","protected":false},"excerpt":{"rendered":"<p>Amb motiu del Dia\u00a0internacional d&#8217;Acci\u00f3 per a la salut de les dones, la Fundaci\u00f3 Santa Susanna va organitzar una sessi\u00f3 del Cicle Conversem sobre salut dedicada a les dones cuidadores: \u00abEspai de cures, espai de dones\u00bb. L&#8217;acte va tenir lloc el dia 31 de maig al Punt de trobada de la Fundaci\u00f3 i va anar [&hellip;]<\/p>\n","protected":false},"author":1,"featured_media":5465,"comment_status":"closed","ping_status":"closed","sticky":false,"template":"","format":"standard","meta":{"_acf_changed":false,"footnotes":""},"categories":[],"tags":[],"class_list":["post-5464","post","type-post","status-publish","format-standard","has-post-thumbnail","hentry"],"acf":[],"_links":{"self":[{"href":"https:\/\/fss.cat\/es\/wp-json\/wp\/v2\/posts\/5464","targetHints":{"allow":["GET"]}}],"collection":[{"href":"https:\/\/fss.cat\/es\/wp-json\/wp\/v2\/posts"}],"about":[{"href":"https:\/\/fss.cat\/es\/wp-json\/wp\/v2\/types\/post"}],"author":[{"embeddable":true,"href":"https:\/\/fss.cat\/es\/wp-json\/wp\/v2\/users\/1"}],"replies":[{"embeddable":true,"href":"https:\/\/fss.cat\/es\/wp-json\/wp\/v2\/comments?post=5464"}],"version-history":[{"count":0,"href":"https:\/\/fss.cat\/es\/wp-json\/wp\/v2\/posts\/5464\/revisions"}],"wp:featuredmedia":[{"embeddable":true,"href":"https:\/\/fss.cat\/es\/wp-json\/wp\/v2\/media\/5465"}],"wp:attachment":[{"href":"https:\/\/fss.cat\/es\/wp-json\/wp\/v2\/media?parent=5464"}],"wp:term":[{"taxonomy":"category","embeddable":true,"href":"https:\/\/fss.cat\/es\/wp-json\/wp\/v2\/categories?post=5464"},{"taxonomy":"post_tag","embeddable":true,"href":"https:\/\/fss.cat\/es\/wp-json\/wp\/v2\/tags?post=5464"}],"curies":[{"name":"wp","href":"https:\/\/api.w.org\/{rel}","templated":true}]}}