{"id":5444,"date":"2023-04-05T11:09:22","date_gmt":"2023-04-05T11:09:22","guid":{"rendered":"https:\/\/resi.prova.cat\/santa-susanna-es-noticia-marc\/"},"modified":"2023-04-05T11:09:22","modified_gmt":"2023-04-05T11:09:22","slug":"santa-susanna-es-noticia-marc","status":"publish","type":"post","link":"https:\/\/fss.cat\/es\/santa-susanna-es-noticia-marc\/","title":{"rendered":"Santa Susanna \u00e9s not\u00edcia (mar\u00e7)"},"content":{"rendered":"<p>Aquest \u00e9s el recull de not\u00edcies vinculades a les fundacions Santa Susanna del mes de mar\u00e7:<\/p>\n<p style=\"text-align: center;\"><a href=\"https:\/\/www.fss.cat\/wp-content\/uploads\/2023\/04\/Santa-Susanna-es-noticia-2023-03.pdf\">Santa Susanna \u00e9s not\u00edcia 2023 03<\/a><\/p>\n<p>&nbsp;<\/p>\n<ul>\n<li>Participaci\u00f3 a la 1a jornada \u00abCaldes, vila amiga de les persones grans\u00bb<\/li>\n<li>Reconeixement a la Fundaci\u00f3 Santa Susanna per l&#8217;acci\u00f3 clim\u00e0tica<\/li>\n<li>Agra\u00efment<\/li>\n<\/ul>\n","protected":false},"excerpt":{"rendered":"<p>Aquest \u00e9s el recull de not\u00edcies vinculades a les fundacions Santa Susanna del mes de mar\u00e7: Santa Susanna \u00e9s not\u00edcia 2023 03 &nbsp; Participaci\u00f3 a la 1a jornada \u00abCaldes, vila amiga de les persones grans\u00bb Reconeixement a la Fundaci\u00f3 Santa Susanna per l&#8217;acci\u00f3 clim\u00e0tica Agra\u00efment<\/p>\n","protected":false},"author":1,"featured_media":5419,"comment_status":"closed","ping_status":"closed","sticky":false,"template":"","format":"standard","meta":{"_acf_changed":false,"footnotes":""},"categories":[],"tags":[],"class_list":["post-5444","post","type-post","status-publish","format-standard","has-post-thumbnail","hentry"],"acf":[],"_links":{"self":[{"href":"https:\/\/fss.cat\/es\/wp-json\/wp\/v2\/posts\/5444","targetHints":{"allow":["GET"]}}],"collection":[{"href":"https:\/\/fss.cat\/es\/wp-json\/wp\/v2\/posts"}],"about":[{"href":"https:\/\/fss.cat\/es\/wp-json\/wp\/v2\/types\/post"}],"author":[{"embeddable":true,"href":"https:\/\/fss.cat\/es\/wp-json\/wp\/v2\/users\/1"}],"replies":[{"embeddable":true,"href":"https:\/\/fss.cat\/es\/wp-json\/wp\/v2\/comments?post=5444"}],"version-history":[{"count":0,"href":"https:\/\/fss.cat\/es\/wp-json\/wp\/v2\/posts\/5444\/revisions"}],"wp:featuredmedia":[{"embeddable":true,"href":"https:\/\/fss.cat\/es\/wp-json\/wp\/v2\/media\/5419"}],"wp:attachment":[{"href":"https:\/\/fss.cat\/es\/wp-json\/wp\/v2\/media?parent=5444"}],"wp:term":[{"taxonomy":"category","embeddable":true,"href":"https:\/\/fss.cat\/es\/wp-json\/wp\/v2\/categories?post=5444"},{"taxonomy":"post_tag","embeddable":true,"href":"https:\/\/fss.cat\/es\/wp-json\/wp\/v2\/tags?post=5444"}],"curies":[{"name":"wp","href":"https:\/\/api.w.org\/{rel}","templated":true}]}}