{"id":5439,"date":"2023-04-04T10:17:39","date_gmt":"2023-04-04T10:17:39","guid":{"rendered":"https:\/\/resi.prova.cat\/reconeixement-per-laccio-climatica\/"},"modified":"2025-07-09T10:42:06","modified_gmt":"2025-07-09T10:42:06","slug":"reconeixement-per-laccio-climatica","status":"publish","type":"post","link":"https:\/\/fss.cat\/es\/reconeixement-per-laccio-climatica\/","title":{"rendered":"Reconeixement per l&#8217;acci\u00f3 clim\u00e0tica"},"content":{"rendered":"<p>La Fundaci\u00f3 Santa Susanna ha rebut el reconeixement p\u00fablic de l&#8217;Ajuntament de Caldes de Montbui com a entitat que m\u00e9s ha contribu\u00eft a <a href=\"https:\/\/www.caldesdemontbui.cat\/ajuntament\/accio-de-govern\/la-cel-de-caldes-comunitat-energetica-local-.html\">la CEL<\/a> l&#8217;any 2022 amb la instal\u00b7laci\u00f3 de 75 kWp.<\/p>\n<p>L&#8217;agra\u00efment s&#8217;ha realitzat amb motiu de la II Jornada d\u2019Acci\u00f3 Clim\u00e0tica organitzada per l&#8217;Ajuntament de Caldes de Montbui el passat 25 de mar\u00e7.\u00a0Ramon Prat, patr\u00f3 de la Fundaci\u00f3 Santa Susanna va rebre un distintiu de mans de l&#8217;alcalde Isidre Pineda.<\/p>\n<p><img fetchpriority=\"high\" decoding=\"async\" class=\"size-full wp-image-3082 aligncenter\" src=\"https:\/\/fss.cat\/wp-content\/uploads\/2025\/07\/IMG-20230330-WA0012-e1680603610455.jpg\" alt=\"\" width=\"500\" height=\"281\" \/><\/p>\n","protected":false},"excerpt":{"rendered":"<p>La Fundaci\u00f3 Santa Susanna ha rebut el reconeixement p\u00fablic de l&#8217;Ajuntament de Caldes de Montbui com a entitat que m\u00e9s ha contribu\u00eft a la CEL l&#8217;any 2022 amb la instal\u00b7laci\u00f3 de 75 kWp. L&#8217;agra\u00efment s&#8217;ha realitzat amb motiu de la II Jornada d\u2019Acci\u00f3 Clim\u00e0tica organitzada per l&#8217;Ajuntament de Caldes de Montbui el passat 25 de [&hellip;]<\/p>\n","protected":false},"author":1,"featured_media":5442,"comment_status":"closed","ping_status":"closed","sticky":false,"template":"","format":"standard","meta":{"_acf_changed":false,"footnotes":""},"categories":[],"tags":[],"class_list":["post-5439","post","type-post","status-publish","format-standard","has-post-thumbnail","hentry"],"acf":[],"_links":{"self":[{"href":"https:\/\/fss.cat\/es\/wp-json\/wp\/v2\/posts\/5439","targetHints":{"allow":["GET"]}}],"collection":[{"href":"https:\/\/fss.cat\/es\/wp-json\/wp\/v2\/posts"}],"about":[{"href":"https:\/\/fss.cat\/es\/wp-json\/wp\/v2\/types\/post"}],"author":[{"embeddable":true,"href":"https:\/\/fss.cat\/es\/wp-json\/wp\/v2\/users\/1"}],"replies":[{"embeddable":true,"href":"https:\/\/fss.cat\/es\/wp-json\/wp\/v2\/comments?post=5439"}],"version-history":[{"count":0,"href":"https:\/\/fss.cat\/es\/wp-json\/wp\/v2\/posts\/5439\/revisions"}],"wp:featuredmedia":[{"embeddable":true,"href":"https:\/\/fss.cat\/es\/wp-json\/wp\/v2\/media\/5442"}],"wp:attachment":[{"href":"https:\/\/fss.cat\/es\/wp-json\/wp\/v2\/media?parent=5439"}],"wp:term":[{"taxonomy":"category","embeddable":true,"href":"https:\/\/fss.cat\/es\/wp-json\/wp\/v2\/categories?post=5439"},{"taxonomy":"post_tag","embeddable":true,"href":"https:\/\/fss.cat\/es\/wp-json\/wp\/v2\/tags?post=5439"}],"curies":[{"name":"wp","href":"https:\/\/api.w.org\/{rel}","templated":true}]}}