{"id":5432,"date":"2023-03-27T08:13:47","date_gmt":"2023-03-27T08:13:47","guid":{"rendered":"https:\/\/resi.prova.cat\/1a-jornada-caldes-vila-amiga-de-les-persones-grans\/"},"modified":"2025-07-09T10:42:05","modified_gmt":"2025-07-09T10:42:05","slug":"1a-jornada-caldes-vila-amiga-de-les-persones-grans","status":"publish","type":"post","link":"https:\/\/fss.cat\/es\/1a-jornada-caldes-vila-amiga-de-les-persones-grans\/","title":{"rendered":"1a jornada \u201cCaldes, vila amiga de les persones grans\u201d"},"content":{"rendered":"<p>Caldes de Montbui ha celebrat el dia 24 de mar\u00e7 la 1a jornada \u201cCaldes, vila amiga de les persones grans\u201d a Les Cases dels Mestres.\u00a0L&#8217;acte, organitzat per l&#8217;Ajuntament i amb la col\u00b7laboraci\u00f3 de la Fundaci\u00f3 Santa Susanna, est\u00e0 emmarcat al projecte <i>Caldes de Montbui, ciutat amiga de la gent gran.<\/i><\/p>\n<p><img decoding=\"async\" class=\"aligncenter wp-image-2923\" src=\"https:\/\/fss.cat\/wp-content\/uploads\/2025\/07\/logo-ciutats-amigues-1024x213.jpg\" alt=\"\" width=\"400\" height=\"83\" \/><\/p>\n<p>&nbsp;<\/p>\n<p>La inauguraci\u00f3 de la jornada ha estat a c\u00e0rrec de \u00a0l\u2019alcalde, Isidre Pineda, i la regidora de Gent Gran, N\u00faria Carn\u00e9. I tot seguit\u00a0 ha tingut lloc una<strong> taula rodona<\/strong> protagonitzada per persones grans actives amb una experi\u00e8ncia singular en diferents \u00e0mbits, moderada per la gerenta de la Fundaci\u00f3 Santa Susanna, Assumpci\u00f3 Ros.<\/p>\n<p>Han aportat el seu testimoni de la jubilaci\u00f3 i la vellesa cinc testimonis calderins: Jordi Mart\u00ed (metge jubilat i actualment estudiant d\u2019Hist\u00f2ria de l&#8217;art), Josep Ayguasanosa (jubilat i actualment impulsor d\u2019un projecte d\u2019oli), Virg\u00ednia (defensora de l\u2019esport com un h\u00e0bit per un envelliment saludable), Ramon Prat (expert en la cura dels nets) i M. Luz Escutia (volunt\u00e0ria en projectes mediambientals i socials).<\/p>\n<p>&nbsp;<\/p>\n<p>A continuaci\u00f3 s&#8217;han creat <strong>grups de debat<\/strong> a trav\u00e9s del quals s\u2019ha reflexionat sobre la les necessitats de pertinen\u00e7a social i comunit\u00e0ria, amb l\u2019objectiu de generar mirades transformadores, positives i engrescadores.\u00a0Les conclusions del debat es convertiran en un recull d\u2019idees i missatges positius relacionats amb les persones grans i la seva interacci\u00f3 amb el seu entorn i el seu temps. S\u00f3n missatges que tenen per objectiu acabar amb els estereotips limitants a l\u2019entorn de la vellesa.<u><\/u><u><\/u><\/p>\n<p>&nbsp;<\/p>\n<p>Per il\u00b7lustrar la jornada i les reflexions recollides, l\u2019artista Maria Calvet ha fet un\u00a0<i>visual thinking<\/i>\u00a0durant la sessi\u00f3, una t\u00e8cnica que organitza idees a partir d\u2019imatges simples i textos curts per transmetre missatges amb un cop d\u2019ull.<\/p>\n<p>&nbsp;<\/p>\n<p><img fetchpriority=\"high\" decoding=\"async\" class=\"size-full wp-image-3065 aligncenter\" src=\"https:\/\/fss.cat\/wp-content\/uploads\/2025\/07\/visual-thinking-gent-gran-1-1-e1679904695110.jpg\" alt=\"\" width=\"700\" height=\"495\" \/><\/p>\n<p style=\"text-align: center;\"><img decoding=\"async\" class=\"alignnone wp-image-3064\" src=\"https:\/\/fss.cat\/wp-content\/uploads\/2025\/07\/visual-thinking-gent-gran-2.jpg\" alt=\"\" width=\"700\" height=\"495\" \/><\/p>\n<p class=\"m_-4798021366036105021TEXTPREMSA\">\n","protected":false},"excerpt":{"rendered":"<p>Caldes de Montbui ha celebrat el dia 24 de mar\u00e7 la 1a jornada \u201cCaldes, vila amiga de les persones grans\u201d a Les Cases dels Mestres.\u00a0L&#8217;acte, organitzat per l&#8217;Ajuntament i amb la col\u00b7laboraci\u00f3 de la Fundaci\u00f3 Santa Susanna, est\u00e0 emmarcat al projecte Caldes de Montbui, ciutat amiga de la gent gran. &nbsp; La inauguraci\u00f3 de la [&hellip;]<\/p>\n","protected":false},"author":1,"featured_media":5437,"comment_status":"closed","ping_status":"closed","sticky":false,"template":"","format":"standard","meta":{"_acf_changed":false,"footnotes":""},"categories":[],"tags":[],"class_list":["post-5432","post","type-post","status-publish","format-standard","has-post-thumbnail","hentry"],"acf":[],"_links":{"self":[{"href":"https:\/\/fss.cat\/es\/wp-json\/wp\/v2\/posts\/5432","targetHints":{"allow":["GET"]}}],"collection":[{"href":"https:\/\/fss.cat\/es\/wp-json\/wp\/v2\/posts"}],"about":[{"href":"https:\/\/fss.cat\/es\/wp-json\/wp\/v2\/types\/post"}],"author":[{"embeddable":true,"href":"https:\/\/fss.cat\/es\/wp-json\/wp\/v2\/users\/1"}],"replies":[{"embeddable":true,"href":"https:\/\/fss.cat\/es\/wp-json\/wp\/v2\/comments?post=5432"}],"version-history":[{"count":0,"href":"https:\/\/fss.cat\/es\/wp-json\/wp\/v2\/posts\/5432\/revisions"}],"wp:featuredmedia":[{"embeddable":true,"href":"https:\/\/fss.cat\/es\/wp-json\/wp\/v2\/media\/5437"}],"wp:attachment":[{"href":"https:\/\/fss.cat\/es\/wp-json\/wp\/v2\/media?parent=5432"}],"wp:term":[{"taxonomy":"category","embeddable":true,"href":"https:\/\/fss.cat\/es\/wp-json\/wp\/v2\/categories?post=5432"},{"taxonomy":"post_tag","embeddable":true,"href":"https:\/\/fss.cat\/es\/wp-json\/wp\/v2\/tags?post=5432"}],"curies":[{"name":"wp","href":"https:\/\/api.w.org\/{rel}","templated":true}]}}