{"id":5349,"date":"2022-10-19T09:12:58","date_gmt":"2022-10-19T09:12:58","guid":{"rendered":"https:\/\/resi.prova.cat\/moltes-gracies-per-ajudar-a-equipar-el-punt-de-trobada\/"},"modified":"2022-10-19T09:12:58","modified_gmt":"2022-10-19T09:12:58","slug":"moltes-gracies-per-ajudar-a-equipar-el-punt-de-trobada","status":"publish","type":"post","link":"https:\/\/fss.cat\/es\/moltes-gracies-per-ajudar-a-equipar-el-punt-de-trobada\/","title":{"rendered":"Moltes gr\u00e0cies per ajudar a equipar el Punt de trobada!"},"content":{"rendered":"<p>Un any m\u00e9s volem agrair la col\u00b7laboraci\u00f3 de totes les persones comerciants, volunt\u00e0ries i particulars que, amb la seva col\u00b7laboraci\u00f3, han fet possible la <strong>23a edici\u00f3 de la T\u00f3mbola de Festa Major<\/strong>.<\/p>\n<p>S\u2019han recollit<strong> 919.02 \u20ac<\/strong>\u00a0que es destinaran a la compra de <strong>cadires pel Punt de trobada<\/strong>, equipant entre tots i totes la Fundaci\u00f3 del material necessari.<\/p>\n<p>Com el seu nom indica, el Punt de trobada \u00e9s l\u2019espai on conflueixen les persones usu\u00e0ries de les diferents plantes i recursos de Santa Susanna, amb les seves fam\u00edlies i amb les persones i entitats del poble que ens visiten. I ara, despr\u00e9s de les limitacions de la pand\u00e8mia, tenim el goig d\u2019haver recuperat la programaci\u00f3 d\u2019activitats d\u2019aquest espai, omplint-lo altra vegada de persones de totes les edats.<\/p>\n<p>Moltes gr\u00e0cies a tothom!<\/p>\n","protected":false},"excerpt":{"rendered":"<p>Un any m\u00e9s volem agrair la col\u00b7laboraci\u00f3 de totes les persones comerciants, volunt\u00e0ries i particulars que, amb la seva col\u00b7laboraci\u00f3, han fet possible la 23a edici\u00f3 de la T\u00f3mbola de Festa Major. S\u2019han recollit 919.02 \u20ac\u00a0que es destinaran a la compra de cadires pel Punt de trobada, equipant entre tots i totes la Fundaci\u00f3 del [&hellip;]<\/p>\n","protected":false},"author":1,"featured_media":5350,"comment_status":"closed","ping_status":"closed","sticky":false,"template":"","format":"standard","meta":{"_acf_changed":false,"footnotes":""},"categories":[],"tags":[],"class_list":["post-5349","post","type-post","status-publish","format-standard","has-post-thumbnail","hentry"],"acf":[],"_links":{"self":[{"href":"https:\/\/fss.cat\/es\/wp-json\/wp\/v2\/posts\/5349","targetHints":{"allow":["GET"]}}],"collection":[{"href":"https:\/\/fss.cat\/es\/wp-json\/wp\/v2\/posts"}],"about":[{"href":"https:\/\/fss.cat\/es\/wp-json\/wp\/v2\/types\/post"}],"author":[{"embeddable":true,"href":"https:\/\/fss.cat\/es\/wp-json\/wp\/v2\/users\/1"}],"replies":[{"embeddable":true,"href":"https:\/\/fss.cat\/es\/wp-json\/wp\/v2\/comments?post=5349"}],"version-history":[{"count":0,"href":"https:\/\/fss.cat\/es\/wp-json\/wp\/v2\/posts\/5349\/revisions"}],"wp:featuredmedia":[{"embeddable":true,"href":"https:\/\/fss.cat\/es\/wp-json\/wp\/v2\/media\/5350"}],"wp:attachment":[{"href":"https:\/\/fss.cat\/es\/wp-json\/wp\/v2\/media?parent=5349"}],"wp:term":[{"taxonomy":"category","embeddable":true,"href":"https:\/\/fss.cat\/es\/wp-json\/wp\/v2\/categories?post=5349"},{"taxonomy":"post_tag","embeddable":true,"href":"https:\/\/fss.cat\/es\/wp-json\/wp\/v2\/tags?post=5349"}],"curies":[{"name":"wp","href":"https:\/\/api.w.org\/{rel}","templated":true}]}}