{"id":5345,"date":"2022-09-30T09:42:34","date_gmt":"2022-09-30T09:42:34","guid":{"rendered":"https:\/\/resi.prova.cat\/relleu-al-patronat\/"},"modified":"2022-09-30T09:42:34","modified_gmt":"2022-09-30T09:42:34","slug":"relleu-al-patronat","status":"publish","type":"post","link":"https:\/\/fss.cat\/es\/relleu-al-patronat\/","title":{"rendered":"Relleu al patronat"},"content":{"rendered":"<div>Donem la benvinguda a\u00a0 Mn. Alejandro Cantero, el nou vicepresident de la Fundaci\u00f3 Santa Susanna i el president de la Fundaci\u00f3 d&#8217;Acollida Santa Susanna.<\/div>\n<div>Mn. Cantero, rector de la Parr\u00f2quia de Santa Maria des del mes de setembre, pren el relleu a Mn. Xavier Blanco.<\/div>\n<div>Els desitgem\u00a0molts encerts a tots dos en aquest canvi d&#8217;etapa.<\/div>\n<div><\/div>\n<div><\/div>\n<div><\/div>\n<div><strong>El patronat de Santa Susanna<\/strong><\/div>\n<div>El <a href=\"https:\/\/www.fss.cat\/la-fundacio\/patronat\/\">patronat<\/a> \u00e9s l\u2019\u00f2rgan de govern que t\u00e9 per objectiu vetllar per la missi\u00f3 de la instituci\u00f3 de continuar al llarg del temps l\u2019esperit d\u2019acolliment que la va fundar el 1386 i administrar el patrimoni.<\/div>\n<div>Es reuneix mensualment i presenta p\u00fablicament la mem\u00f2ria de l\u2019activitat realitzada cada any amb la voluntat de potenciar la transpar\u00e8ncia de la instituci\u00f3. La seva dedicaci\u00f3 \u00e9s volunt\u00e0ria.<\/div>\n<div>Des dels inicis de la hist\u00f2ria de la nostra fundaci\u00f3, que data del 1386, es va dipositar la administraci\u00f3 i la continu\u00eftat de la instituci\u00f3 en mans de l\u2019Esgl\u00e9sia Parroquial i \u00a0dels Jurats de la vila (l\u2019Ajuntament) juntament amb els seus prohoms, estructura que s\u2019ha mantingut fins a l\u2019actualitat. Aix\u00ed, el rector de la Parr\u00f2quia de Santa Maria de Caldes de Montbui ocupa la vicpresid\u00e8ncia de la Fundaci\u00f3 Santa Susanna i la presid\u00e8ncia de la Fundaci\u00f3 d&#8217;Acollida Santa Susanna.<\/div>\n<div>\n<div>\n<div>\n<div><\/div>\n<\/div>\n<\/div>\n<\/div>\n","protected":false},"excerpt":{"rendered":"<p>Donem la benvinguda a\u00a0 Mn. Alejandro Cantero, el nou vicepresident de la Fundaci\u00f3 Santa Susanna i el president de la Fundaci\u00f3 d&#8217;Acollida Santa Susanna. Mn. Cantero, rector de la Parr\u00f2quia de Santa Maria des del mes de setembre, pren el relleu a Mn. Xavier Blanco. Els desitgem\u00a0molts encerts a tots dos en aquest canvi d&#8217;etapa. [&hellip;]<\/p>\n","protected":false},"author":1,"featured_media":5346,"comment_status":"closed","ping_status":"closed","sticky":false,"template":"","format":"standard","meta":{"_acf_changed":false,"footnotes":""},"categories":[],"tags":[],"class_list":["post-5345","post","type-post","status-publish","format-standard","has-post-thumbnail","hentry"],"acf":[],"_links":{"self":[{"href":"https:\/\/fss.cat\/es\/wp-json\/wp\/v2\/posts\/5345","targetHints":{"allow":["GET"]}}],"collection":[{"href":"https:\/\/fss.cat\/es\/wp-json\/wp\/v2\/posts"}],"about":[{"href":"https:\/\/fss.cat\/es\/wp-json\/wp\/v2\/types\/post"}],"author":[{"embeddable":true,"href":"https:\/\/fss.cat\/es\/wp-json\/wp\/v2\/users\/1"}],"replies":[{"embeddable":true,"href":"https:\/\/fss.cat\/es\/wp-json\/wp\/v2\/comments?post=5345"}],"version-history":[{"count":0,"href":"https:\/\/fss.cat\/es\/wp-json\/wp\/v2\/posts\/5345\/revisions"}],"wp:featuredmedia":[{"embeddable":true,"href":"https:\/\/fss.cat\/es\/wp-json\/wp\/v2\/media\/5346"}],"wp:attachment":[{"href":"https:\/\/fss.cat\/es\/wp-json\/wp\/v2\/media?parent=5345"}],"wp:term":[{"taxonomy":"category","embeddable":true,"href":"https:\/\/fss.cat\/es\/wp-json\/wp\/v2\/categories?post=5345"},{"taxonomy":"post_tag","embeddable":true,"href":"https:\/\/fss.cat\/es\/wp-json\/wp\/v2\/tags?post=5345"}],"curies":[{"name":"wp","href":"https:\/\/api.w.org\/{rel}","templated":true}]}}