{"id":5289,"date":"2022-04-05T08:35:23","date_gmt":"2022-04-05T08:35:23","guid":{"rendered":"https:\/\/resi.prova.cat\/recuperem-lagenda-mensual-de-santa-susanna\/"},"modified":"2022-04-05T08:35:23","modified_gmt":"2022-04-05T08:35:23","slug":"recuperem-lagenda-mensual-de-santa-susanna","status":"publish","type":"post","link":"https:\/\/fss.cat\/es\/recuperem-lagenda-mensual-de-santa-susanna\/","title":{"rendered":"Recuperem l&#8217;agenda mensual de Santa Susanna"},"content":{"rendered":"<p>Aquest mes d&#8217;abril recuperem la publicaci\u00f3 de <a href=\"https:\/\/drive.google.com\/file\/d\/1TKfrYNJnhX5Ap48NSBKqfYY2KPUN1cEd\/view?usp=sharing\">l&#8217;agenda de Santa Susanna<\/a>.<\/p>\n<p>\u00c9s un document mensual que inclou les activitats puntuals de:<\/p>\n<ul>\n<li>Fundaci\u00f3 Santa Susanna<\/li>\n<li>Fundaci\u00f3 d&#8217;Acollida Santa Susanna<\/li>\n<li>Fundaci\u00f3 Sociosanit\u00e0ria Santa Susanna<\/li>\n<li>Associaci\u00f3 Jard\u00ed Santa Susanna<\/li>\n<li>Programa Gent gran activa de l&#8217;Ajuntament de Caldes de Montbui (gestionat per la Fundaci\u00f3 Santa Susanna)<\/li>\n<\/ul>\n<p>&nbsp;<\/p>\n","protected":false},"excerpt":{"rendered":"<p>Aquest mes d&#8217;abril recuperem la publicaci\u00f3 de l&#8217;agenda de Santa Susanna. \u00c9s un document mensual que inclou les activitats puntuals de: Fundaci\u00f3 Santa Susanna Fundaci\u00f3 d&#8217;Acollida Santa Susanna Fundaci\u00f3 Sociosanit\u00e0ria Santa Susanna Associaci\u00f3 Jard\u00ed Santa Susanna Programa Gent gran activa de l&#8217;Ajuntament de Caldes de Montbui (gestionat per la Fundaci\u00f3 Santa Susanna) &nbsp;<\/p>\n","protected":false},"author":1,"featured_media":0,"comment_status":"closed","ping_status":"closed","sticky":false,"template":"","format":"standard","meta":{"_acf_changed":false,"footnotes":""},"categories":[],"tags":[],"class_list":["post-5289","post","type-post","status-publish","format-standard","hentry"],"acf":[],"_links":{"self":[{"href":"https:\/\/fss.cat\/es\/wp-json\/wp\/v2\/posts\/5289","targetHints":{"allow":["GET"]}}],"collection":[{"href":"https:\/\/fss.cat\/es\/wp-json\/wp\/v2\/posts"}],"about":[{"href":"https:\/\/fss.cat\/es\/wp-json\/wp\/v2\/types\/post"}],"author":[{"embeddable":true,"href":"https:\/\/fss.cat\/es\/wp-json\/wp\/v2\/users\/1"}],"replies":[{"embeddable":true,"href":"https:\/\/fss.cat\/es\/wp-json\/wp\/v2\/comments?post=5289"}],"version-history":[{"count":0,"href":"https:\/\/fss.cat\/es\/wp-json\/wp\/v2\/posts\/5289\/revisions"}],"wp:attachment":[{"href":"https:\/\/fss.cat\/es\/wp-json\/wp\/v2\/media?parent=5289"}],"wp:term":[{"taxonomy":"category","embeddable":true,"href":"https:\/\/fss.cat\/es\/wp-json\/wp\/v2\/categories?post=5289"},{"taxonomy":"post_tag","embeddable":true,"href":"https:\/\/fss.cat\/es\/wp-json\/wp\/v2\/tags?post=5289"}],"curies":[{"name":"wp","href":"https:\/\/api.w.org\/{rel}","templated":true}]}}