{"id":5283,"date":"2022-03-25T10:01:53","date_gmt":"2022-03-25T10:01:53","guid":{"rendered":"https:\/\/resi.prova.cat\/caldes-acull-una-jornada-de-residencies-saludables-i-sostenibles\/"},"modified":"2025-07-09T10:40:22","modified_gmt":"2025-07-09T10:40:22","slug":"caldes-acull-una-jornada-de-residencies-saludables-i-sostenibles","status":"publish","type":"post","link":"https:\/\/fss.cat\/es\/caldes-acull-una-jornada-de-residencies-saludables-i-sostenibles\/","title":{"rendered":"Caldes acull una jornada de resid\u00e8ncies saludables i sostenibles"},"content":{"rendered":"<div class=\"gmail_quote\">\n<div dir=\"ltr\">\n<div>La Federaci\u00f3 d&#8217;entitats d&#8217;iniciativa social sense afany de lucre que presta serveis al sector de la gent gran (FEATE) ha celebrat aquest dijous la seva <strong>XVIII Jornada anual<\/strong>, dedicada a les <strong>resid\u00e8ncies saludables i sostenibles<\/strong>.<\/div>\n<div><\/div>\n<div><\/div>\n<div>L&#8217;acte, que aquest any s&#8217;ha celebrat a Caldes de Montbui, ha comptat amb la benvinguda de la Sra. N\u00faria Carn\u00e9 (primera tinent d&#8217;alcalde i regidora de Gent gran activa) i ha reunit a quaranta professionals d&#8217;arreu del territori catal\u00e0.<\/div>\n<\/div>\n<\/div>\n<div><\/div>\n<div><\/div>\n<div class=\"gmail_quote\">\n<div dir=\"ltr\">\n<div>La jornada ha esdevingut un proc\u00e9s de reflexi\u00f3 a partir dels Objectius de Desenvolupament Sostenible (ODS). Amb l&#8217;acompanyament de les organitzacions Vector5 i Batec Pol cooperatiu per la transici\u00f3 energ\u00e8tica, s&#8217;ha definit un model de resid\u00e8ncia que posi en valor els compromisos de les entitats membres de FEATE en quatre grans \u00e0mbits: amb la comunitat, amb les persones residents, amb el planeta i amb les persones treballadores. I ha esdevingut una ocasi\u00f3 per compartir experi\u00e8ncies pr\u00e0ctiques i innovadores en l&#8217;\u00e0mbit de salut i la sostenibilitat ambiental i econ\u00f2mica; entre elles, l&#8217;aportaci\u00f3 de la Fundaci\u00f3 Santa Susanna amb la instal\u00b7laci\u00f3 de 235 plaques fotovoltaiques a la coberta del seu edifici.<\/div>\n<\/div>\n<\/div>\n<div><\/div>\n<div><\/div>\n<div><a href=\"https:\/\/fss.cat\/wp-content\/uploads\/2025\/07\/FEATE.png\"><img decoding=\"async\" class=\"aligncenter size-full wp-image-2615\" src=\"https:\/\/fss.cat\/wp-content\/uploads\/2025\/07\/FEATE.png\" alt=\"\" width=\"265\" height=\"70\" \/><\/a><\/div>\n<div>La FEATE<\/div>\n<div class=\"gmail_quote\">\n<div dir=\"ltr\">\n<div>La <a href=\"https:\/\/www.feate.org\/\">Federaci\u00f3 d\u2019Entitats d\u2019Assist\u00e8ncia a la Tercera Edat<\/a> \u00e9s una entitat sense afany de lucre que presta serveis al sector de la gent gran i en situaci\u00f3 de depend\u00e8ncia des del 1991.<\/div>\n<div>Amb m\u00e9s de 60 centres associats a tota Catalunya, defensa un model de cooperaci\u00f3 publicoprivada d&#8217;atenci\u00f3 a les necessitats de la gent gran i en situaci\u00f3 de depend\u00e8ncia i a les seves fam\u00edlies. I forma part de La Confederaci\u00f3 Patronal del Tercer Sector Social i de la Taula d&#8217;Entitats del Tercer Sector Social de Catalunya.<\/div>\n<div>Actualment la Sra. Assumpci\u00f3 Ros, gerent de la Fundaci\u00f3 Santa Susanna, ocupa el c\u00e0rrec de vicepresid\u00e8ncia.<\/div>\n<div><\/div>\n<div><\/div>\n<\/div>\n<\/div>\n<div><\/div>\n","protected":false},"excerpt":{"rendered":"<p>La Federaci\u00f3 d&#8217;entitats d&#8217;iniciativa social sense afany de lucre que presta serveis al sector de la gent gran (FEATE) ha celebrat aquest dijous la seva XVIII Jornada anual, dedicada a les resid\u00e8ncies saludables i sostenibles. L&#8217;acte, que aquest any s&#8217;ha celebrat a Caldes de Montbui, ha comptat amb la benvinguda de la Sra. N\u00faria Carn\u00e9 [&hellip;]<\/p>\n","protected":false},"author":1,"featured_media":5286,"comment_status":"closed","ping_status":"closed","sticky":false,"template":"","format":"standard","meta":{"_acf_changed":false,"footnotes":""},"categories":[],"tags":[],"class_list":["post-5283","post","type-post","status-publish","format-standard","has-post-thumbnail","hentry"],"acf":[],"_links":{"self":[{"href":"https:\/\/fss.cat\/es\/wp-json\/wp\/v2\/posts\/5283","targetHints":{"allow":["GET"]}}],"collection":[{"href":"https:\/\/fss.cat\/es\/wp-json\/wp\/v2\/posts"}],"about":[{"href":"https:\/\/fss.cat\/es\/wp-json\/wp\/v2\/types\/post"}],"author":[{"embeddable":true,"href":"https:\/\/fss.cat\/es\/wp-json\/wp\/v2\/users\/1"}],"replies":[{"embeddable":true,"href":"https:\/\/fss.cat\/es\/wp-json\/wp\/v2\/comments?post=5283"}],"version-history":[{"count":0,"href":"https:\/\/fss.cat\/es\/wp-json\/wp\/v2\/posts\/5283\/revisions"}],"wp:featuredmedia":[{"embeddable":true,"href":"https:\/\/fss.cat\/es\/wp-json\/wp\/v2\/media\/5286"}],"wp:attachment":[{"href":"https:\/\/fss.cat\/es\/wp-json\/wp\/v2\/media?parent=5283"}],"wp:term":[{"taxonomy":"category","embeddable":true,"href":"https:\/\/fss.cat\/es\/wp-json\/wp\/v2\/categories?post=5283"},{"taxonomy":"post_tag","embeddable":true,"href":"https:\/\/fss.cat\/es\/wp-json\/wp\/v2\/tags?post=5283"}],"curies":[{"name":"wp","href":"https:\/\/api.w.org\/{rel}","templated":true}]}}