{"id":5225,"date":"2021-10-26T10:19:56","date_gmt":"2021-10-26T10:19:56","guid":{"rendered":"https:\/\/resi.prova.cat\/la-memoria-del-2020-la-resiliencia\/"},"modified":"2025-07-09T10:39:54","modified_gmt":"2025-07-09T10:39:54","slug":"la-memoria-del-2020-la-resiliencia","status":"publish","type":"post","link":"https:\/\/fss.cat\/es\/la-memoria-del-2020-la-resiliencia\/","title":{"rendered":"La mem\u00f2ria del 2020: la resili\u00e8ncia"},"content":{"rendered":"<p>Les direccions i patronats de les fundacions Santa Susanna han presentat la <a href=\"https:\/\/www.fss.cat\/wp-content\/uploads\/2021\/10\/2020-memoria-fundacions-Santa-Susanna.pdf\">mem\u00f2ria de l\u2019any 2020<\/a> en un acte obert, com a gest de transpar\u00e8ncia, al Jard\u00ed de Santa Susanna. La mem\u00f2ria est\u00e0 dedicada a la resili\u00e8ncia perqu\u00e8 les fundacions van aconseguir fer front i superar la pand\u00e8mia de la Covid-19, acceptant el repte com un m\u00e9s dels que ha viscut l\u2019entitat al llarg de m\u00e9s de sis segles d\u2019hist\u00f2ria.<\/p>\n<p>&nbsp;<\/p>\n<p>Cada una de les tres fundacions va viscut les conseq\u00fc\u00e8ncies de la crisi de manera diferent: la Fundaci\u00f3 Santa Susanna va reestructurar espais i circuits per donar suport a l\u2019activitat de les dues fundacions assistencials; la Fundaci\u00f3 d\u2019Acollida Santa Susanna va experimentar un agreujament del d\u00e8ficit econ\u00f2mic\u00a0 arran de les mesures imposades; i la Fundaci\u00f3 Sociosanit\u00e0ria va donar suport al sistema sanitari catal\u00e0 atenent a pacients de Covid i postCovid, i augmentant el nombre de places sociosanit\u00e0ries concertades ocupant la planta de la resid\u00e8ncia que havia quedat tancada.<\/p>\n<p>&nbsp;<\/p>\n<p>Malgrat la complexitat de l\u2019any, Santa Susanna va aconseguir tirar endavant millores i novetats com el nou punt d\u2019atenci\u00f3 de Servei d\u2019Atenci\u00f3 Domicili\u00e0ria al carrer Font i Boet n\u00famero 12 i la instal\u00b7laci\u00f3 de 235 plaques fotovoltaiques per a l\u2019autoconsum.<\/p>\n<p><a href=\"https:\/\/fss.cat\/wp-content\/uploads\/2025\/07\/presentacio-memoria-2020-i-projecte-nou-tanatori-Santa-Susanna-1-copia.jpg\"><img fetchpriority=\"high\" decoding=\"async\" class=\"aligncenter wp-image-2443\" src=\"https:\/\/fss.cat\/wp-content\/uploads\/2025\/07\/presentacio-memoria-2020-i-projecte-nou-tanatori-Santa-Susanna-1-copia.jpg\" alt=\"\" width=\"600\" height=\"450\" \/><\/a><\/p>\n<p>&nbsp;<\/p>\n<p>&nbsp;<\/p>\n","protected":false},"excerpt":{"rendered":"<p>Les direccions i patronats de les fundacions Santa Susanna han presentat la mem\u00f2ria de l\u2019any 2020 en un acte obert, com a gest de transpar\u00e8ncia, al Jard\u00ed de Santa Susanna. La mem\u00f2ria est\u00e0 dedicada a la resili\u00e8ncia perqu\u00e8 les fundacions van aconseguir fer front i superar la pand\u00e8mia de la Covid-19, acceptant el repte com [&hellip;]<\/p>\n","protected":false},"author":1,"featured_media":5228,"comment_status":"closed","ping_status":"closed","sticky":false,"template":"","format":"standard","meta":{"_acf_changed":false,"footnotes":""},"categories":[],"tags":[],"class_list":["post-5225","post","type-post","status-publish","format-standard","has-post-thumbnail","hentry"],"acf":[],"_links":{"self":[{"href":"https:\/\/fss.cat\/es\/wp-json\/wp\/v2\/posts\/5225","targetHints":{"allow":["GET"]}}],"collection":[{"href":"https:\/\/fss.cat\/es\/wp-json\/wp\/v2\/posts"}],"about":[{"href":"https:\/\/fss.cat\/es\/wp-json\/wp\/v2\/types\/post"}],"author":[{"embeddable":true,"href":"https:\/\/fss.cat\/es\/wp-json\/wp\/v2\/users\/1"}],"replies":[{"embeddable":true,"href":"https:\/\/fss.cat\/es\/wp-json\/wp\/v2\/comments?post=5225"}],"version-history":[{"count":0,"href":"https:\/\/fss.cat\/es\/wp-json\/wp\/v2\/posts\/5225\/revisions"}],"wp:featuredmedia":[{"embeddable":true,"href":"https:\/\/fss.cat\/es\/wp-json\/wp\/v2\/media\/5228"}],"wp:attachment":[{"href":"https:\/\/fss.cat\/es\/wp-json\/wp\/v2\/media?parent=5225"}],"wp:term":[{"taxonomy":"category","embeddable":true,"href":"https:\/\/fss.cat\/es\/wp-json\/wp\/v2\/categories?post=5225"},{"taxonomy":"post_tag","embeddable":true,"href":"https:\/\/fss.cat\/es\/wp-json\/wp\/v2\/tags?post=5225"}],"curies":[{"name":"wp","href":"https:\/\/api.w.org\/{rel}","templated":true}]}}