{"id":5190,"date":"2021-06-08T09:14:30","date_gmt":"2021-06-08T09:14:30","guid":{"rendered":"https:\/\/resi.prova.cat\/ampliacio-del-pades-santa-susanna\/"},"modified":"2021-06-08T09:14:30","modified_gmt":"2021-06-08T09:14:30","slug":"ampliacio-del-pades-santa-susanna","status":"publish","type":"post","link":"https:\/\/fss.cat\/es\/ampliacio-del-pades-santa-susanna\/","title":{"rendered":"Ampliaci\u00f3 del PADES Santa Susanna"},"content":{"rendered":"<div>L&#8217;equip de <a href=\"https:\/\/www.fundaciosociosanitariastasusanna.cat\/serveis\/#pades\">Pades Santa Susanna<\/a> de la Fundaci\u00f3 Sociosanit\u00e0ria Santa Susanna amplia aquest mes de juny el seu horari d&#8217;atenci\u00f3.<\/div>\n<div><\/div>\n<div>A partir d&#8217;ara el servei es realitzar\u00e0 de 8.00 a 20.00, de dilluns a divendres, a les tres \u00e0rees d&#8217;influ\u00e8ncia: ABS Caldes de Montbui<wbr \/>, ABSb Palau-Solit\u00e0 i Plegamans i ABS Vall del Tenes. I tamb\u00e9 realitzar\u00e0 gu\u00e0rdies els caps de setmana a tot el Vall\u00e8s.<\/div>\n<div><\/div>\n<div>De moment l&#8217;ampliaci\u00f3 s&#8217;ha concretat amb la creaci\u00f3 d&#8217;una nova pla\u00e7a d&#8217;infermeria.<\/div>\n<div><\/div>\n<div><\/div>\n","protected":false},"excerpt":{"rendered":"<p>L&#8217;equip de Pades Santa Susanna de la Fundaci\u00f3 Sociosanit\u00e0ria Santa Susanna amplia aquest mes de juny el seu horari d&#8217;atenci\u00f3. A partir d&#8217;ara el servei es realitzar\u00e0 de 8.00 a 20.00, de dilluns a divendres, a les tres \u00e0rees d&#8217;influ\u00e8ncia: ABS Caldes de Montbui, ABSb Palau-Solit\u00e0 i Plegamans i ABS Vall del Tenes. I tamb\u00e9 [&hellip;]<\/p>\n","protected":false},"author":1,"featured_media":5191,"comment_status":"closed","ping_status":"closed","sticky":false,"template":"","format":"standard","meta":{"_acf_changed":false,"footnotes":""},"categories":[],"tags":[],"class_list":["post-5190","post","type-post","status-publish","format-standard","has-post-thumbnail","hentry"],"acf":[],"_links":{"self":[{"href":"https:\/\/fss.cat\/es\/wp-json\/wp\/v2\/posts\/5190","targetHints":{"allow":["GET"]}}],"collection":[{"href":"https:\/\/fss.cat\/es\/wp-json\/wp\/v2\/posts"}],"about":[{"href":"https:\/\/fss.cat\/es\/wp-json\/wp\/v2\/types\/post"}],"author":[{"embeddable":true,"href":"https:\/\/fss.cat\/es\/wp-json\/wp\/v2\/users\/1"}],"replies":[{"embeddable":true,"href":"https:\/\/fss.cat\/es\/wp-json\/wp\/v2\/comments?post=5190"}],"version-history":[{"count":0,"href":"https:\/\/fss.cat\/es\/wp-json\/wp\/v2\/posts\/5190\/revisions"}],"wp:featuredmedia":[{"embeddable":true,"href":"https:\/\/fss.cat\/es\/wp-json\/wp\/v2\/media\/5191"}],"wp:attachment":[{"href":"https:\/\/fss.cat\/es\/wp-json\/wp\/v2\/media?parent=5190"}],"wp:term":[{"taxonomy":"category","embeddable":true,"href":"https:\/\/fss.cat\/es\/wp-json\/wp\/v2\/categories?post=5190"},{"taxonomy":"post_tag","embeddable":true,"href":"https:\/\/fss.cat\/es\/wp-json\/wp\/v2\/tags?post=5190"}],"curies":[{"name":"wp","href":"https:\/\/api.w.org\/{rel}","templated":true}]}}