{"id":5188,"date":"2021-05-11T15:04:01","date_gmt":"2021-05-11T15:04:01","guid":{"rendered":"https:\/\/resi.prova.cat\/limpacte-laboral-de-la-covid-19\/"},"modified":"2021-05-11T15:04:01","modified_gmt":"2021-05-11T15:04:01","slug":"limpacte-laboral-de-la-covid-19","status":"publish","type":"post","link":"https:\/\/fss.cat\/es\/limpacte-laboral-de-la-covid-19\/","title":{"rendered":"L&#8217;impacte laboral de la Covid-19"},"content":{"rendered":"<p>Coincidint amb el dia del treballador, la Taula del Tercer Sector alertava del fort\u00a0<a href=\"https:\/\/fundaciostasusanna.us13.list-manage.com\/track\/click?u=9a43116f5c68fe1b8835d35cb&amp;id=9d31abc539&amp;e=1919a6eab7\" target=\"_blank\" rel=\"noopener\" data-saferedirecturl=\"https:\/\/www.google.com\/url?q=https:\/\/fundaciostasusanna.us13.list-manage.com\/track\/click?u%3D9a43116f5c68fe1b8835d35cb%26id%3D9d31abc539%26e%3D1919a6eab7&amp;source=gmail&amp;ust=1620824613086000&amp;usg=AFQjCNFHHlz4yjQgKL28Sa9Z9BHEnDyKXQ\" data-cke-saved-href=\"https:\/\/fundaciostasusanna.us13.list-manage.com\/track\/click?u=9a43116f5c68fe1b8835d35cb&amp;id=9d31abc539&amp;e=1919a6eab7\">impacte laboral de la Covid-19 en els col\u00b7lectius en situaci\u00f3 vulnerable<\/a>. Certament, la pand\u00e8mia ha colpejat a tots els col\u00b7lectius, per\u00f2 especialment amb molta duresa aquells que ja tenien dificultats com les dones o els joves.<\/p>\n<p>Ens sumem a la reivindicaci\u00f3 i aportem dues dades a destacar\u00a0dels contractes que s&#8217;han fet de l&#8217;1 de gener al 30 d&#8217;abril de\u00a02021 a les tres fundacions:<\/p>\n<p><strong>El 60.92 % de les persones contractades a les\u00a0fundacions assistencials s\u00f3n\u00a0menors de 25 anys.\u00a0<\/strong><br \/>\nCelebrem l&#8217;inter\u00e8s dels joves en el nostre sector, tan necessari; facilitant el relleu aquesta tasca tan vocacional.<\/p>\n<p><strong>El 30.77 % de les persones contractades a la Fundaci\u00f3 Santa Susanna s\u00f3n\u00a0majors de 50 anys<\/strong><br \/>\nSabem que la nostra feina necessita comptar amb persones que ja tenen experi\u00e8ncia acumulada.<\/p>\n<p>Confiem en tots els treballadors i treballadores, joves i grans, per continuar la missi\u00f3 de les fundacions Santa Susanna amb m\u00e9s de sis segles d&#8217;hist\u00f2ria.<\/p>\n","protected":false},"excerpt":{"rendered":"<p>Coincidint amb el dia del treballador, la Taula del Tercer Sector alertava del fort\u00a0impacte laboral de la Covid-19 en els col\u00b7lectius en situaci\u00f3 vulnerable. Certament, la pand\u00e8mia ha colpejat a tots els col\u00b7lectius, per\u00f2 especialment amb molta duresa aquells que ja tenien dificultats com les dones o els joves. Ens sumem a la reivindicaci\u00f3 i [&hellip;]<\/p>\n","protected":false},"author":1,"featured_media":5189,"comment_status":"closed","ping_status":"closed","sticky":false,"template":"","format":"standard","meta":{"_acf_changed":false,"footnotes":""},"categories":[],"tags":[],"class_list":["post-5188","post","type-post","status-publish","format-standard","has-post-thumbnail","hentry"],"acf":[],"_links":{"self":[{"href":"https:\/\/fss.cat\/es\/wp-json\/wp\/v2\/posts\/5188","targetHints":{"allow":["GET"]}}],"collection":[{"href":"https:\/\/fss.cat\/es\/wp-json\/wp\/v2\/posts"}],"about":[{"href":"https:\/\/fss.cat\/es\/wp-json\/wp\/v2\/types\/post"}],"author":[{"embeddable":true,"href":"https:\/\/fss.cat\/es\/wp-json\/wp\/v2\/users\/1"}],"replies":[{"embeddable":true,"href":"https:\/\/fss.cat\/es\/wp-json\/wp\/v2\/comments?post=5188"}],"version-history":[{"count":0,"href":"https:\/\/fss.cat\/es\/wp-json\/wp\/v2\/posts\/5188\/revisions"}],"wp:featuredmedia":[{"embeddable":true,"href":"https:\/\/fss.cat\/es\/wp-json\/wp\/v2\/media\/5189"}],"wp:attachment":[{"href":"https:\/\/fss.cat\/es\/wp-json\/wp\/v2\/media?parent=5188"}],"wp:term":[{"taxonomy":"category","embeddable":true,"href":"https:\/\/fss.cat\/es\/wp-json\/wp\/v2\/categories?post=5188"},{"taxonomy":"post_tag","embeddable":true,"href":"https:\/\/fss.cat\/es\/wp-json\/wp\/v2\/tags?post=5188"}],"curies":[{"name":"wp","href":"https:\/\/api.w.org\/{rel}","templated":true}]}}