{"id":5186,"date":"2021-05-03T08:15:29","date_gmt":"2021-05-03T08:15:29","guid":{"rendered":"https:\/\/resi.prova.cat\/santa-susanna-es-noticia-2021-04\/"},"modified":"2021-05-03T08:15:29","modified_gmt":"2021-05-03T08:15:29","slug":"santa-susanna-es-noticia-2021-04","status":"publish","type":"post","link":"https:\/\/fss.cat\/es\/santa-susanna-es-noticia-2021-04\/","title":{"rendered":"Santa Susanna \u00e9s not\u00edcia 2021 04"},"content":{"rendered":"<div>Aquest \u00e9s el recull de not\u00edcies vinculades a les fundacions Santa Susanna del mes d&#8217;abril: <a href=\"https:\/\/www.fss.cat\/wp-content\/uploads\/2021\/05\/Santa-Susanna-es-noticia-2021-04.pdf\">Santa Susanna \u00e9s not\u00edcia 2021 04<\/a><\/div>\n<div><\/div>\n<ul>\n<li>La resid\u00e8ncia es mant\u00e9 verda tot i l&#8217;augment de casos de Covid a Caldes<\/li>\n<li>Reobertura del Centre de dia de planta 1<\/li>\n<li>Viv\u00e8ncies a R\u00e0dio Caldes: club de lectura Llegir per sanar, l&#8217;Hospital de dia i els grups de psicoestimulaci\u00f3 cognitiva<\/li>\n<li>Participaci\u00f3 al programa \u00abGrans persones grans\u00bb de TV Sant Cugat dedicat a les resid\u00e8ncies<\/li>\n<\/ul>\n","protected":false},"excerpt":{"rendered":"<p>Aquest \u00e9s el recull de not\u00edcies vinculades a les fundacions Santa Susanna del mes d&#8217;abril: Santa Susanna \u00e9s not\u00edcia 2021 04 La resid\u00e8ncia es mant\u00e9 verda tot i l&#8217;augment de casos de Covid a Caldes Reobertura del Centre de dia de planta 1 Viv\u00e8ncies a R\u00e0dio Caldes: club de lectura Llegir per sanar, l&#8217;Hospital de [&hellip;]<\/p>\n","protected":false},"author":1,"featured_media":5148,"comment_status":"closed","ping_status":"closed","sticky":false,"template":"","format":"standard","meta":{"_acf_changed":false,"footnotes":""},"categories":[],"tags":[],"class_list":["post-5186","post","type-post","status-publish","format-standard","has-post-thumbnail","hentry"],"acf":[],"_links":{"self":[{"href":"https:\/\/fss.cat\/es\/wp-json\/wp\/v2\/posts\/5186","targetHints":{"allow":["GET"]}}],"collection":[{"href":"https:\/\/fss.cat\/es\/wp-json\/wp\/v2\/posts"}],"about":[{"href":"https:\/\/fss.cat\/es\/wp-json\/wp\/v2\/types\/post"}],"author":[{"embeddable":true,"href":"https:\/\/fss.cat\/es\/wp-json\/wp\/v2\/users\/1"}],"replies":[{"embeddable":true,"href":"https:\/\/fss.cat\/es\/wp-json\/wp\/v2\/comments?post=5186"}],"version-history":[{"count":0,"href":"https:\/\/fss.cat\/es\/wp-json\/wp\/v2\/posts\/5186\/revisions"}],"wp:featuredmedia":[{"embeddable":true,"href":"https:\/\/fss.cat\/es\/wp-json\/wp\/v2\/media\/5148"}],"wp:attachment":[{"href":"https:\/\/fss.cat\/es\/wp-json\/wp\/v2\/media?parent=5186"}],"wp:term":[{"taxonomy":"category","embeddable":true,"href":"https:\/\/fss.cat\/es\/wp-json\/wp\/v2\/categories?post=5186"},{"taxonomy":"post_tag","embeddable":true,"href":"https:\/\/fss.cat\/es\/wp-json\/wp\/v2\/tags?post=5186"}],"curies":[{"name":"wp","href":"https:\/\/api.w.org\/{rel}","templated":true}]}}