{"id":5181,"date":"2021-04-30T07:40:00","date_gmt":"2021-04-30T07:40:00","guid":{"rendered":"https:\/\/resi.prova.cat\/abril-tradicions-llibres-i-flors\/"},"modified":"2025-07-09T10:39:10","modified_gmt":"2025-07-09T10:39:10","slug":"abril-tradicions-llibres-i-flors","status":"publish","type":"post","link":"https:\/\/fss.cat\/es\/abril-tradicions-llibres-i-flors\/","title":{"rendered":"Abril: tradicions, llibres i flors"},"content":{"rendered":"<p>El mes d&#8217;abril les fundacions Santa Susanna celebren la festa de sant Jordi i de la Mare de D\u00e9u de Montserrat amb la realitzaci\u00f3 d&#8217;activitats culturals.<\/p>\n<p>La celebraci\u00f3 de les festes tradicionals permet dinamitzar la vida di\u00e0ria de les persones usu\u00e0ries. L&#8217;edifici es va omplir de cultura amb la lectura de poemes, reculls de dites populars, biblioteca m\u00f2bil a les plantes, audicions musicals i fins i tot un recital telem\u00e0tic a c\u00e0rrec dels alumnes de l&#8217;Institut Pic del vent. I la sortida a la Parr\u00f2quia per realitzar l&#8217;ofrena de roman\u00ed a la Mare de D\u00e9u de Montserrat, possible gr\u00e0cies a la participaci\u00f3 de les fam\u00edlies i el voluntariat.<\/p>\n<p><a href=\"https:\/\/fss.cat\/wp-content\/uploads\/2025\/07\/IMG-20210427-WA0016.jpg\"><img fetchpriority=\"high\" decoding=\"async\" class=\"aligncenter size-medium wp-image-2303\" src=\"https:\/\/fss.cat\/wp-content\/uploads\/2025\/07\/IMG-20210427-WA0016-225x300.jpg\" alt=\"\" width=\"225\" height=\"300\" \/><\/a><\/p>\n<p>Des d\u2019aqu\u00ed fem arribar el nostre agra\u00efment a totes les persones que van col\u00b7laborar a la parada de llibres de segona m\u00e0 i punts de llibres, especialment a l&#8217;Associaci\u00f3 Jard\u00ed Santa Susanna. S&#8217;han recaptat 195 \u20ac que es destinaran a la compra de material per a les activitats socioculturals que la Fundaci\u00f3 Santa Susanna porta a terme a la Fundaci\u00f3 d&#8217;Acollida Santa Susanna i a la Fundaci\u00f3 Sociosanit\u00e0ria Santa Susanna.<\/p>\n<p>I agrair tamb\u00e9 la resposta a la crida per omplir de flors les fundacions i portar la primavera a dins l&#8217;edifici.<\/p>\n<p>Moltes gr\u00e0cies per la vostra solidaritat!<\/p>\n<p><a href=\"https:\/\/fss.cat\/wp-content\/uploads\/2025\/07\/IMG-20210416-WA0031.jpg\"><img decoding=\"async\" class=\"aligncenter size-medium wp-image-2302\" src=\"https:\/\/fss.cat\/wp-content\/uploads\/2025\/07\/IMG-20210416-WA0031-300x225.jpg\" alt=\"\" width=\"300\" height=\"225\" \/><\/a><\/p>\n","protected":false},"excerpt":{"rendered":"<p>El mes d&#8217;abril les fundacions Santa Susanna celebren la festa de sant Jordi i de la Mare de D\u00e9u de Montserrat amb la realitzaci\u00f3 d&#8217;activitats culturals. La celebraci\u00f3 de les festes tradicionals permet dinamitzar la vida di\u00e0ria de les persones usu\u00e0ries. L&#8217;edifici es va omplir de cultura amb la lectura de poemes, reculls de dites [&hellip;]<\/p>\n","protected":false},"author":1,"featured_media":5185,"comment_status":"closed","ping_status":"closed","sticky":false,"template":"","format":"standard","meta":{"_acf_changed":false,"footnotes":""},"categories":[],"tags":[],"class_list":["post-5181","post","type-post","status-publish","format-standard","has-post-thumbnail","hentry"],"acf":[],"_links":{"self":[{"href":"https:\/\/fss.cat\/es\/wp-json\/wp\/v2\/posts\/5181","targetHints":{"allow":["GET"]}}],"collection":[{"href":"https:\/\/fss.cat\/es\/wp-json\/wp\/v2\/posts"}],"about":[{"href":"https:\/\/fss.cat\/es\/wp-json\/wp\/v2\/types\/post"}],"author":[{"embeddable":true,"href":"https:\/\/fss.cat\/es\/wp-json\/wp\/v2\/users\/1"}],"replies":[{"embeddable":true,"href":"https:\/\/fss.cat\/es\/wp-json\/wp\/v2\/comments?post=5181"}],"version-history":[{"count":0,"href":"https:\/\/fss.cat\/es\/wp-json\/wp\/v2\/posts\/5181\/revisions"}],"wp:featuredmedia":[{"embeddable":true,"href":"https:\/\/fss.cat\/es\/wp-json\/wp\/v2\/media\/5185"}],"wp:attachment":[{"href":"https:\/\/fss.cat\/es\/wp-json\/wp\/v2\/media?parent=5181"}],"wp:term":[{"taxonomy":"category","embeddable":true,"href":"https:\/\/fss.cat\/es\/wp-json\/wp\/v2\/categories?post=5181"},{"taxonomy":"post_tag","embeddable":true,"href":"https:\/\/fss.cat\/es\/wp-json\/wp\/v2\/tags?post=5181"}],"curies":[{"name":"wp","href":"https:\/\/api.w.org\/{rel}","templated":true}]}}