{"id":5176,"date":"2021-04-29T16:13:51","date_gmt":"2021-04-29T16:13:51","guid":{"rendered":"https:\/\/resi.prova.cat\/25-anys-de-la-unitat-de-cures-pal%c2%b7liatives\/"},"modified":"2025-07-09T10:39:07","modified_gmt":"2025-07-09T10:39:07","slug":"25-anys-de-la-unitat-de-cures-pal%c2%b7liatives","status":"publish","type":"post","link":"https:\/\/fss.cat\/es\/25-anys-de-la-unitat-de-cures-pal%c2%b7liatives\/","title":{"rendered":"25 anys de la unitat de cures pal\u00b7liatives"},"content":{"rendered":"<p>Santa Susanna celebra aquest any els vint-i-cinc anys de la unitat de cures\u00a0pal\u00b7liatives. La unitat, que va ser pionera a la comarca, <strong>es va inaugurar el 31 de gener de 1996<\/strong> amb 9 places, i va ser una ampliaci\u00f3 de l&#8217;oferta d&#8217;atenci\u00f3 sociosanit\u00e0ria iniciada a la instituci\u00f3 el 1992.<\/p>\n<p>Per celebrar l&#8217;efem\u00e8ride, la instituci\u00f3 organitzar\u00e0 diverses activitats al llarg de l&#8217;any. La primera d&#8217;elles ha sigut la tert\u00falia <strong>\u00abMem\u00f2ria\u00a0col\u00b7lectiva\u00bb<\/strong>, on els treballadors\/es de les fundacions Santa Susanna van poder recordar i con\u00e8ixer els inicis de l&#8217;activitat, evidenciar els aprenentatges fets durant aquests\u00a0vint-i-cinc\u00a0anys i identificar els reptes de futur.<\/p>\n<p><a href=\"https:\/\/fss.cat\/wp-content\/uploads\/2025\/07\/tertulia-memoria-collectiva-copia.jpg\"><img fetchpriority=\"high\" decoding=\"async\" class=\"aligncenter size-full wp-image-2295\" src=\"https:\/\/fss.cat\/wp-content\/uploads\/2025\/07\/tertulia-memoria-collectiva-copia.jpg\" alt=\"\" width=\"448\" height=\"220\" \/><\/a><br \/>\nMalgrat que\u00a0hi ha hagut molts canvis aquests\u00a0vint-i-cinc\u00a0anys (el perfil de les persones ateses, els tractaments, la durada de l&#8217;atenci\u00f3 i la terminologia), l&#8217;equip inicial i l&#8217;equip actual han coincidit en remarcar la import\u00e0ncia de l&#8217;atenci\u00f3 integral, el suport emocional, l&#8217;acompanyament en la presa de decisions i la formaci\u00f3 dels professionals.<\/p>\n","protected":false},"excerpt":{"rendered":"<p>Santa Susanna celebra aquest any els vint-i-cinc anys de la unitat de cures\u00a0pal\u00b7liatives. La unitat, que va ser pionera a la comarca, es va inaugurar el 31 de gener de 1996 amb 9 places, i va ser una ampliaci\u00f3 de l&#8217;oferta d&#8217;atenci\u00f3 sociosanit\u00e0ria iniciada a la instituci\u00f3 el 1992. Per celebrar l&#8217;efem\u00e8ride, la instituci\u00f3 organitzar\u00e0 [&hellip;]<\/p>\n","protected":false},"author":1,"featured_media":5179,"comment_status":"closed","ping_status":"closed","sticky":false,"template":"","format":"standard","meta":{"_acf_changed":false,"footnotes":""},"categories":[],"tags":[],"class_list":["post-5176","post","type-post","status-publish","format-standard","has-post-thumbnail","hentry"],"acf":[],"_links":{"self":[{"href":"https:\/\/fss.cat\/es\/wp-json\/wp\/v2\/posts\/5176","targetHints":{"allow":["GET"]}}],"collection":[{"href":"https:\/\/fss.cat\/es\/wp-json\/wp\/v2\/posts"}],"about":[{"href":"https:\/\/fss.cat\/es\/wp-json\/wp\/v2\/types\/post"}],"author":[{"embeddable":true,"href":"https:\/\/fss.cat\/es\/wp-json\/wp\/v2\/users\/1"}],"replies":[{"embeddable":true,"href":"https:\/\/fss.cat\/es\/wp-json\/wp\/v2\/comments?post=5176"}],"version-history":[{"count":0,"href":"https:\/\/fss.cat\/es\/wp-json\/wp\/v2\/posts\/5176\/revisions"}],"wp:featuredmedia":[{"embeddable":true,"href":"https:\/\/fss.cat\/es\/wp-json\/wp\/v2\/media\/5179"}],"wp:attachment":[{"href":"https:\/\/fss.cat\/es\/wp-json\/wp\/v2\/media?parent=5176"}],"wp:term":[{"taxonomy":"category","embeddable":true,"href":"https:\/\/fss.cat\/es\/wp-json\/wp\/v2\/categories?post=5176"},{"taxonomy":"post_tag","embeddable":true,"href":"https:\/\/fss.cat\/es\/wp-json\/wp\/v2\/tags?post=5176"}],"curies":[{"name":"wp","href":"https:\/\/api.w.org\/{rel}","templated":true}]}}