{"id":5168,"date":"2021-03-22T10:58:05","date_gmt":"2021-03-22T10:58:05","guid":{"rendered":"https:\/\/resi.prova.cat\/reobrim-el-centre-de-dia\/"},"modified":"2025-07-09T10:39:05","modified_gmt":"2025-07-09T10:39:05","slug":"reobrim-el-centre-de-dia","status":"publish","type":"post","link":"https:\/\/fss.cat\/es\/reobrim-el-centre-de-dia\/","title":{"rendered":"Reobrim el Centre de dia"},"content":{"rendered":"<p>La Fundaci\u00f3 d&#8217;Acollida Santa Susanna ha obert de nou el <a href=\"https:\/\/www.fundaciodacollidastasusanna.cat\/serveis\/#centre-dia\">Centre de dia<\/a> de la planta 1.<\/p>\n<p>Despr\u00e9s d&#8217;un any tancat a causa de la pand\u00e8mia, l&#8217;espai ha recuperat la seva activitat. I seguint les mesures de seguretat, nom\u00e9s es poden ocupar el 50% de les places del servei<\/p>\n<p>Juntament amb El Caliu, que va poder obrir el mes de juliol, s\u00f3n els dos espais de Centre de dia: un servei di\u00fcrn d&#8217;acolliment, prevenci\u00f3 i socialitzaci\u00f3 per a persones grans, que esdev\u00e9 un suport a les fam\u00edlies.<\/p>\n<p>S&#8217;ofereixen places p\u00fabliques i privades. Les persones interessades, poden contactar amb la Fundaci\u00f3.<\/p>\n<p>&nbsp;<\/p>\n<p><a href=\"https:\/\/fss.cat\/wp-content\/uploads\/2025\/07\/imatge-centre-de-dia.jpg\"><img fetchpriority=\"high\" decoding=\"async\" class=\"aligncenter size-full wp-image-2285\" src=\"https:\/\/fss.cat\/wp-content\/uploads\/2025\/07\/imatge-centre-de-dia.jpg\" alt=\"\" width=\"599\" height=\"844\" \/><\/a><\/p>\n","protected":false},"excerpt":{"rendered":"<p>La Fundaci\u00f3 d&#8217;Acollida Santa Susanna ha obert de nou el Centre de dia de la planta 1. Despr\u00e9s d&#8217;un any tancat a causa de la pand\u00e8mia, l&#8217;espai ha recuperat la seva activitat. I seguint les mesures de seguretat, nom\u00e9s es poden ocupar el 50% de les places del servei Juntament amb El Caliu, que va [&hellip;]<\/p>\n","protected":false},"author":1,"featured_media":5171,"comment_status":"closed","ping_status":"closed","sticky":false,"template":"","format":"standard","meta":{"_acf_changed":false,"footnotes":""},"categories":[],"tags":[],"class_list":["post-5168","post","type-post","status-publish","format-standard","has-post-thumbnail","hentry"],"acf":[],"_links":{"self":[{"href":"https:\/\/fss.cat\/es\/wp-json\/wp\/v2\/posts\/5168","targetHints":{"allow":["GET"]}}],"collection":[{"href":"https:\/\/fss.cat\/es\/wp-json\/wp\/v2\/posts"}],"about":[{"href":"https:\/\/fss.cat\/es\/wp-json\/wp\/v2\/types\/post"}],"author":[{"embeddable":true,"href":"https:\/\/fss.cat\/es\/wp-json\/wp\/v2\/users\/1"}],"replies":[{"embeddable":true,"href":"https:\/\/fss.cat\/es\/wp-json\/wp\/v2\/comments?post=5168"}],"version-history":[{"count":0,"href":"https:\/\/fss.cat\/es\/wp-json\/wp\/v2\/posts\/5168\/revisions"}],"wp:featuredmedia":[{"embeddable":true,"href":"https:\/\/fss.cat\/es\/wp-json\/wp\/v2\/media\/5171"}],"wp:attachment":[{"href":"https:\/\/fss.cat\/es\/wp-json\/wp\/v2\/media?parent=5168"}],"wp:term":[{"taxonomy":"category","embeddable":true,"href":"https:\/\/fss.cat\/es\/wp-json\/wp\/v2\/categories?post=5168"},{"taxonomy":"post_tag","embeddable":true,"href":"https:\/\/fss.cat\/es\/wp-json\/wp\/v2\/tags?post=5168"}],"curies":[{"name":"wp","href":"https:\/\/api.w.org\/{rel}","templated":true}]}}