{"id":5158,"date":"2021-02-26T09:43:28","date_gmt":"2021-02-26T09:43:28","guid":{"rendered":"https:\/\/resi.prova.cat\/el-nou-tanatori-ja-te-projecte-guanyador-cami-tornada-a-lorigen\/"},"modified":"2021-02-26T09:43:28","modified_gmt":"2021-02-26T09:43:28","slug":"el-nou-tanatori-ja-te-projecte-guanyador-cami-tornada-a-lorigen","status":"publish","type":"post","link":"https:\/\/fss.cat\/es\/el-nou-tanatori-ja-te-projecte-guanyador-cami-tornada-a-lorigen\/","title":{"rendered":"El nou tanatori ja t\u00e9 projecte guanyador: \u201cCam\u00ed, tornada a l\u2019origen\u201d"},"content":{"rendered":"<p><strong>MANGRANA Arquitectes \u00e9s l\u2019autor del projecte guanyador dels sis que es van presentar al concurs adre\u00e7at als i les arquitectes calderines.<\/strong><\/p>\n<p>&nbsp;<\/p>\n<p>La Fundaci\u00f3 Santa Susanna ha fet p\u00fablic el projecte guanyador del concurs d\u2019idees adre\u00e7at als i les arquitectes calderines i al qual es van presentar 6 projectes. \u201cCam\u00ed, tornada a l\u2019origen\u201d \u00e9s el nom del projecte guanyador presentat per Mangrana Arquitectes, l\u2019equip format per Sara Mart\u00ednez, Ivan Riba i Meritxell Sol\u00e0.<\/p>\n<p>&nbsp;<\/p>\n<p>El nou tanatori s\u2019ubicar\u00e0 al Jard\u00ed de la Fundaci\u00f3, un terreny davant de la pla\u00e7a de les Hortes i l\u2019aparcament Centre \u2013 El Sindicat, molt proper a l\u2019espai de les sales de vetlla actuals. El nou edifici quedar\u00e0 integrat en l\u2019entorn donant un espai naturalitzat al poble i alhora protegint la intimitat de les persones. Est\u00e0 previst que les obres de construcci\u00f3 comencin a finals d\u2019any.<\/p>\n<p>&nbsp;<\/p>\n<p>El jurat, format per Isidre Pineda i Xavier Blanco (president i vicepresident de la Fundaci\u00f3), la Comissi\u00f3 d\u2019obres de la Fundaci\u00f3 (Josep Maria Ventura, Albert Valls, Salvador L\u00f3pez i Assumpci\u00f3 Ros) i Jaume Mauri, el regidor d\u2019urbanisme de Caldes de Montbui, han destacat la qualitat dels projectes presentats i han agra\u00eft que els arquitectes hagin copsat la import\u00e0ncia i singularitat del projecte.<\/p>\n<p>El projecte classificat en segon lloc ha estat \u201cCelobert\u201d dissenyat per Marc Vila, Oriol Cugat i Berta-Naoko Queralt. I en tercera posici\u00f3, \u201cViarany a ponent\u201d d\u2019Arquimes, Arquitectura i Gesti\u00f3.<\/p>\n<p>&nbsp;<\/p>\n<p>La Fundaci\u00f3 Santa Susanna \u00e9s l\u2019\u00fanica instituci\u00f3 no lucrativa que presta serveis funeraris a Catalunya. L\u2019any 1953 la Fundaci\u00f3 ja prestava serveis funeraris i el 2016 van reprendre aquesta activitat amb la voluntat de seguir acompanyant i ajudant a prendre decisions en els moments dif\u00edcils. El 2017 va rebre el segon premi de la categoria \u201ctransformaci\u00f3 social\u201d dels \u201cPremis La Confederaci\u00f3\u201d per la singularitat del projecte i els valors del servei. I l\u2019any 2020 els Serveis Funeraris Santa Susanna van atendre 227 fam\u00edlies.<\/p>\n","protected":false},"excerpt":{"rendered":"<p>MANGRANA Arquitectes \u00e9s l\u2019autor del projecte guanyador dels sis que es van presentar al concurs adre\u00e7at als i les arquitectes calderines. &nbsp; La Fundaci\u00f3 Santa Susanna ha fet p\u00fablic el projecte guanyador del concurs d\u2019idees adre\u00e7at als i les arquitectes calderines i al qual es van presentar 6 projectes. \u201cCam\u00ed, tornada a l\u2019origen\u201d \u00e9s el [&hellip;]<\/p>\n","protected":false},"author":1,"featured_media":5159,"comment_status":"closed","ping_status":"closed","sticky":false,"template":"","format":"standard","meta":{"_acf_changed":false,"footnotes":""},"categories":[],"tags":[],"class_list":["post-5158","post","type-post","status-publish","format-standard","has-post-thumbnail","hentry"],"acf":[],"_links":{"self":[{"href":"https:\/\/fss.cat\/es\/wp-json\/wp\/v2\/posts\/5158","targetHints":{"allow":["GET"]}}],"collection":[{"href":"https:\/\/fss.cat\/es\/wp-json\/wp\/v2\/posts"}],"about":[{"href":"https:\/\/fss.cat\/es\/wp-json\/wp\/v2\/types\/post"}],"author":[{"embeddable":true,"href":"https:\/\/fss.cat\/es\/wp-json\/wp\/v2\/users\/1"}],"replies":[{"embeddable":true,"href":"https:\/\/fss.cat\/es\/wp-json\/wp\/v2\/comments?post=5158"}],"version-history":[{"count":0,"href":"https:\/\/fss.cat\/es\/wp-json\/wp\/v2\/posts\/5158\/revisions"}],"wp:featuredmedia":[{"embeddable":true,"href":"https:\/\/fss.cat\/es\/wp-json\/wp\/v2\/media\/5159"}],"wp:attachment":[{"href":"https:\/\/fss.cat\/es\/wp-json\/wp\/v2\/media?parent=5158"}],"wp:term":[{"taxonomy":"category","embeddable":true,"href":"https:\/\/fss.cat\/es\/wp-json\/wp\/v2\/categories?post=5158"},{"taxonomy":"post_tag","embeddable":true,"href":"https:\/\/fss.cat\/es\/wp-json\/wp\/v2\/tags?post=5158"}],"curies":[{"name":"wp","href":"https:\/\/api.w.org\/{rel}","templated":true}]}}