{"id":5154,"date":"2021-02-18T16:43:23","date_gmt":"2021-02-18T16:43:23","guid":{"rendered":"https:\/\/resi.prova.cat\/ampliacio-de-preses-doxigen\/"},"modified":"2021-02-18T16:43:23","modified_gmt":"2021-02-18T16:43:23","slug":"ampliacio-de-preses-doxigen","status":"publish","type":"post","link":"https:\/\/fss.cat\/es\/ampliacio-de-preses-doxigen\/","title":{"rendered":"Ampliaci\u00f3 de connexions d&#8217;oxigen"},"content":{"rendered":"<div>La\u00a0<a href=\"https:\/\/www.fundaciosociosanitariastasusanna.cat\/\" target=\"_blank\" rel=\"noopener noreferrer\" data-saferedirecturl=\"https:\/\/www.google.com\/url?q=https:\/\/www.fundaciosociosanitariastasusanna.cat\/&amp;source=gmail&amp;ust=1613751566023000&amp;usg=AFQjCNHSGsh7qjIAX-rUxkT0K9YM-dTXow\">Fundaci\u00f3 Sociosanit\u00e0ria Santa Susanna<\/a> ha ampliat el nombre de connexions d&#8217;oxigen gr\u00e0cies al donatiu de l&#8217;empresa calderina Relats. Des d&#8217;aquest hivern, hi ha trenta-set llits amb nova connexi\u00f3 d&#8217;oxigen.<\/div>\n<div><\/div>\n<div><\/div>\n<div>Se&#8217;n beneficiaran les persones de Caldes de Montbui i de la comarca usu\u00e0ries del serveis d&#8217;atenci\u00f3 sociosanit\u00e0ria: llarga estada, convalesc\u00e8ncia i cures pal\u00b7liatives.<\/div>\n<div>Els serveis d\u2019internament sociosanitaris formen part del sistema catal\u00e0 de salut i s&#8217;hi accedeix pr\u00e8via derivaci\u00f3 dels recursos de salut de la comarca (atenci\u00f3 prim\u00e0ria, PADES o hospitals).<\/div>\n<div><\/div>\n<div><\/div>\n<div>La Fundaci\u00f3 Sociosanit\u00e0ria Santa Susanna ofereix atenci\u00f3 sociosanit\u00e0ria a Caldes des de\u00a0l\u2019any 1992. Altres serveis de la Fundaci\u00f3 Sociosanit\u00e0ria Santa Susanna s\u00f3n: l\u2019Hospital de dia, PADES, els serveis di\u00fcrns, estades privades, rehabilitaci\u00f3, consultes externes i l\u2019atenci\u00f3 al dol i a les p\u00e8rdues.<\/div>\n<div><\/div>\n<div><\/div>\n<div>Moltes gr\u00e0cies per ajudar a continuar la nostra hist\u00f2ria d&#8217;hospitalitat!<\/div>\n","protected":false},"excerpt":{"rendered":"<p>La\u00a0Fundaci\u00f3 Sociosanit\u00e0ria Santa Susanna ha ampliat el nombre de connexions d&#8217;oxigen gr\u00e0cies al donatiu de l&#8217;empresa calderina Relats. Des d&#8217;aquest hivern, hi ha trenta-set llits amb nova connexi\u00f3 d&#8217;oxigen. Se&#8217;n beneficiaran les persones de Caldes de Montbui i de la comarca usu\u00e0ries del serveis d&#8217;atenci\u00f3 sociosanit\u00e0ria: llarga estada, convalesc\u00e8ncia i cures pal\u00b7liatives. Els serveis d\u2019internament [&hellip;]<\/p>\n","protected":false},"author":1,"featured_media":5155,"comment_status":"closed","ping_status":"closed","sticky":false,"template":"","format":"standard","meta":{"_acf_changed":false,"footnotes":""},"categories":[],"tags":[],"class_list":["post-5154","post","type-post","status-publish","format-standard","has-post-thumbnail","hentry"],"acf":[],"_links":{"self":[{"href":"https:\/\/fss.cat\/es\/wp-json\/wp\/v2\/posts\/5154","targetHints":{"allow":["GET"]}}],"collection":[{"href":"https:\/\/fss.cat\/es\/wp-json\/wp\/v2\/posts"}],"about":[{"href":"https:\/\/fss.cat\/es\/wp-json\/wp\/v2\/types\/post"}],"author":[{"embeddable":true,"href":"https:\/\/fss.cat\/es\/wp-json\/wp\/v2\/users\/1"}],"replies":[{"embeddable":true,"href":"https:\/\/fss.cat\/es\/wp-json\/wp\/v2\/comments?post=5154"}],"version-history":[{"count":0,"href":"https:\/\/fss.cat\/es\/wp-json\/wp\/v2\/posts\/5154\/revisions"}],"wp:featuredmedia":[{"embeddable":true,"href":"https:\/\/fss.cat\/es\/wp-json\/wp\/v2\/media\/5155"}],"wp:attachment":[{"href":"https:\/\/fss.cat\/es\/wp-json\/wp\/v2\/media?parent=5154"}],"wp:term":[{"taxonomy":"category","embeddable":true,"href":"https:\/\/fss.cat\/es\/wp-json\/wp\/v2\/categories?post=5154"},{"taxonomy":"post_tag","embeddable":true,"href":"https:\/\/fss.cat\/es\/wp-json\/wp\/v2\/tags?post=5154"}],"curies":[{"name":"wp","href":"https:\/\/api.w.org\/{rel}","templated":true}]}}