{"id":5150,"date":"2021-02-04T17:26:50","date_gmt":"2021-02-04T17:26:50","guid":{"rendered":"https:\/\/resi.prova.cat\/energia-verda\/"},"modified":"2025-07-09T10:38:56","modified_gmt":"2025-07-09T10:38:56","slug":"energia-verda","status":"publish","type":"post","link":"https:\/\/fss.cat\/es\/energia-verda\/","title":{"rendered":"Energia verda"},"content":{"rendered":"<p><span style=\"color: #000000;\">El 100% de l&#8217;energia\u00a0el\u00e8ctrica\u00a0consumida als edificis de la Fundaci\u00f3 Santa Susanna durant l&#8217;any 2020 ha sigut energia verda.<\/span><\/p>\n<p><span style=\"color: #000000;\"> Aix\u00ed ho certifica l&#8217;empresa subministradora Electra Caldense Energia, que alhora est\u00e0 certificada per la Comissi\u00f3 Nacional dels Mercats i la Compet\u00e8ncia (CNMC).<\/span><\/p>\n<p><a href=\"https:\/\/fss.cat\/wp-content\/uploads\/2025\/07\/certificat-energia-verda.jpg\"><img fetchpriority=\"high\" decoding=\"async\" class=\"aligncenter wp-image-2174 \" src=\"https:\/\/fss.cat\/wp-content\/uploads\/2025\/07\/certificat-energia-verda-300x212.jpg\" alt=\"Certificat Energia Verda\" width=\"427\" height=\"302\" \/><\/a><\/p>\n<p><span style=\"color: #000000;\">La certificaci\u00f3 reconeix que tota l\u2019energia subministrada a la nostra instituci\u00f3 procedeix de fonts renovables, \u00e9s a dir, que es va generar a partir de fonts renovables no f\u00f2ssils (hidroel\u00e8ctrica, e\u00f2lica, solar, biomassa, geot\u00e8rmica, etc.).<\/span><\/p>\n<p><span style=\"color: #000000;\">Una altra mesura realitzada el passat mes de desembre \u00e9s la instal\u00b7laci\u00f3 de plaques fotovoltaiques.<\/span><\/p>\n","protected":false},"excerpt":{"rendered":"<p>El 100% de l&#8217;energia\u00a0el\u00e8ctrica\u00a0consumida als edificis de la Fundaci\u00f3 Santa Susanna durant l&#8217;any 2020 ha sigut energia verda. Aix\u00ed ho certifica l&#8217;empresa subministradora Electra Caldense Energia, que alhora est\u00e0 certificada per la Comissi\u00f3 Nacional dels Mercats i la Compet\u00e8ncia (CNMC). La certificaci\u00f3 reconeix que tota l\u2019energia subministrada a la nostra instituci\u00f3 procedeix de fonts renovables, [&hellip;]<\/p>\n","protected":false},"author":1,"featured_media":5153,"comment_status":"closed","ping_status":"closed","sticky":false,"template":"","format":"standard","meta":{"_acf_changed":false,"footnotes":""},"categories":[],"tags":[],"class_list":["post-5150","post","type-post","status-publish","format-standard","has-post-thumbnail","hentry"],"acf":[],"_links":{"self":[{"href":"https:\/\/fss.cat\/es\/wp-json\/wp\/v2\/posts\/5150","targetHints":{"allow":["GET"]}}],"collection":[{"href":"https:\/\/fss.cat\/es\/wp-json\/wp\/v2\/posts"}],"about":[{"href":"https:\/\/fss.cat\/es\/wp-json\/wp\/v2\/types\/post"}],"author":[{"embeddable":true,"href":"https:\/\/fss.cat\/es\/wp-json\/wp\/v2\/users\/1"}],"replies":[{"embeddable":true,"href":"https:\/\/fss.cat\/es\/wp-json\/wp\/v2\/comments?post=5150"}],"version-history":[{"count":0,"href":"https:\/\/fss.cat\/es\/wp-json\/wp\/v2\/posts\/5150\/revisions"}],"wp:featuredmedia":[{"embeddable":true,"href":"https:\/\/fss.cat\/es\/wp-json\/wp\/v2\/media\/5153"}],"wp:attachment":[{"href":"https:\/\/fss.cat\/es\/wp-json\/wp\/v2\/media?parent=5150"}],"wp:term":[{"taxonomy":"category","embeddable":true,"href":"https:\/\/fss.cat\/es\/wp-json\/wp\/v2\/categories?post=5150"},{"taxonomy":"post_tag","embeddable":true,"href":"https:\/\/fss.cat\/es\/wp-json\/wp\/v2\/tags?post=5150"}],"curies":[{"name":"wp","href":"https:\/\/api.w.org\/{rel}","templated":true}]}}