{"id":5147,"date":"2021-02-02T09:47:33","date_gmt":"2021-02-02T09:47:33","guid":{"rendered":"https:\/\/resi.prova.cat\/santa-susanna-es-noticia-2021-01\/"},"modified":"2021-02-02T09:47:33","modified_gmt":"2021-02-02T09:47:33","slug":"santa-susanna-es-noticia-2021-01","status":"publish","type":"post","link":"https:\/\/fss.cat\/es\/santa-susanna-es-noticia-2021-01\/","title":{"rendered":"Santa Susanna \u00e9s not\u00edcia 2021 01"},"content":{"rendered":"<div>Aquest \u00e9s el recull de not\u00edcies vinculades a les fundacions Santa Susanna del mes de gener:<\/div>\n<div><\/div>\n<div style=\"text-align: center;\"><a href=\"https:\/\/www.fss.cat\/wp-content\/uploads\/2021\/02\/Santa-Susanna-\u00e9s-not\u00edcia-2021-01.pdf\">Santa Susanna \u00e9s not\u00edcia 2021 01<\/a><\/div>\n<div><\/div>\n<ul>\n<li>Vacunaci\u00f3 contra la Covid-19<\/li>\n<li>Resid\u00e8ncies del Tercer Sector Social<\/li>\n<li>Serveis Funeraris sense \u00e0nim de lucre<\/li>\n<li>Viv\u00e8ncies a R\u00e0dio Caldes: residents de la planta 7<\/li>\n<li>Noves mesures preventives a la F. Sociosanit\u00e0ria Santa Susanna<\/li>\n<\/ul>\n","protected":false},"excerpt":{"rendered":"<p>Aquest \u00e9s el recull de not\u00edcies vinculades a les fundacions Santa Susanna del mes de gener: Santa Susanna \u00e9s not\u00edcia 2021 01 Vacunaci\u00f3 contra la Covid-19 Resid\u00e8ncies del Tercer Sector Social Serveis Funeraris sense \u00e0nim de lucre Viv\u00e8ncies a R\u00e0dio Caldes: residents de la planta 7 Noves mesures preventives a la F. Sociosanit\u00e0ria Santa Susanna<\/p>\n","protected":false},"author":1,"featured_media":5148,"comment_status":"closed","ping_status":"closed","sticky":false,"template":"","format":"standard","meta":{"_acf_changed":false,"footnotes":""},"categories":[],"tags":[],"class_list":["post-5147","post","type-post","status-publish","format-standard","has-post-thumbnail","hentry"],"acf":[],"_links":{"self":[{"href":"https:\/\/fss.cat\/es\/wp-json\/wp\/v2\/posts\/5147","targetHints":{"allow":["GET"]}}],"collection":[{"href":"https:\/\/fss.cat\/es\/wp-json\/wp\/v2\/posts"}],"about":[{"href":"https:\/\/fss.cat\/es\/wp-json\/wp\/v2\/types\/post"}],"author":[{"embeddable":true,"href":"https:\/\/fss.cat\/es\/wp-json\/wp\/v2\/users\/1"}],"replies":[{"embeddable":true,"href":"https:\/\/fss.cat\/es\/wp-json\/wp\/v2\/comments?post=5147"}],"version-history":[{"count":0,"href":"https:\/\/fss.cat\/es\/wp-json\/wp\/v2\/posts\/5147\/revisions"}],"wp:featuredmedia":[{"embeddable":true,"href":"https:\/\/fss.cat\/es\/wp-json\/wp\/v2\/media\/5148"}],"wp:attachment":[{"href":"https:\/\/fss.cat\/es\/wp-json\/wp\/v2\/media?parent=5147"}],"wp:term":[{"taxonomy":"category","embeddable":true,"href":"https:\/\/fss.cat\/es\/wp-json\/wp\/v2\/categories?post=5147"},{"taxonomy":"post_tag","embeddable":true,"href":"https:\/\/fss.cat\/es\/wp-json\/wp\/v2\/tags?post=5147"}],"curies":[{"name":"wp","href":"https:\/\/api.w.org\/{rel}","templated":true}]}}