{"id":5143,"date":"2021-02-01T08:57:56","date_gmt":"2021-02-01T08:57:56","guid":{"rendered":"https:\/\/resi.prova.cat\/segona-dosi-de-la-vacuna\/"},"modified":"2025-07-09T10:38:54","modified_gmt":"2025-07-09T10:38:54","slug":"segona-dosi-de-la-vacuna","status":"publish","type":"post","link":"https:\/\/fss.cat\/es\/segona-dosi-de-la-vacuna\/","title":{"rendered":"Segona dosi de la vacuna"},"content":{"rendered":"<p>El pla de vacunaci\u00f3 contra la Covid-19 segueix avan\u00e7ant i aquest divendres 29 de gener s\u2019ha comen\u00e7at a administrar la segona dosi de la vacuna.<\/p>\n<p>Es tracta dels professionals i residents que van rebre la primera dosi el passat 8 de gener i, despr\u00e9s dels vint-i-un dies m\u00ednims necessaris, han rebut la segona dosi de la vacuna de Pfizer.<\/p>\n<p>El pla de vacunaci\u00f3 continua actiu, ja que el divendres 22 de gener es va administrar la primera dosi als usuaris de llarga estada de la Fundaci\u00f3 Sociosanit\u00e0ria Santa Susanna i a m\u00e9s professionals de la Fundaci\u00f3 d\u2019Acollida Santa Susanna que no es va poder vacunar el primer dia.<\/p>\n<p>Celebrem aquest nou pas en la lluita contra la pand\u00e8mia!<\/p>\n<p><a href=\"https:\/\/fss.cat\/wp-content\/uploads\/2025\/07\/2a-dosi-vacuna-2-scaled.jpg\"><img fetchpriority=\"high\" decoding=\"async\" class=\"aligncenter wp-image-2164 size-medium\" src=\"https:\/\/fss.cat\/wp-content\/uploads\/2025\/07\/2a-dosi-vacuna-2-scaled.jpg\" alt=\"\" width=\"300\" height=\"261\" \/><\/a><\/p>\n","protected":false},"excerpt":{"rendered":"<p>El pla de vacunaci\u00f3 contra la Covid-19 segueix avan\u00e7ant i aquest divendres 29 de gener s\u2019ha comen\u00e7at a administrar la segona dosi de la vacuna. Es tracta dels professionals i residents que van rebre la primera dosi el passat 8 de gener i, despr\u00e9s dels vint-i-un dies m\u00ednims necessaris, han rebut la segona dosi de [&hellip;]<\/p>\n","protected":false},"author":1,"featured_media":5146,"comment_status":"closed","ping_status":"closed","sticky":false,"template":"","format":"standard","meta":{"_acf_changed":false,"footnotes":""},"categories":[],"tags":[],"class_list":["post-5143","post","type-post","status-publish","format-standard","has-post-thumbnail","hentry"],"acf":[],"_links":{"self":[{"href":"https:\/\/fss.cat\/es\/wp-json\/wp\/v2\/posts\/5143","targetHints":{"allow":["GET"]}}],"collection":[{"href":"https:\/\/fss.cat\/es\/wp-json\/wp\/v2\/posts"}],"about":[{"href":"https:\/\/fss.cat\/es\/wp-json\/wp\/v2\/types\/post"}],"author":[{"embeddable":true,"href":"https:\/\/fss.cat\/es\/wp-json\/wp\/v2\/users\/1"}],"replies":[{"embeddable":true,"href":"https:\/\/fss.cat\/es\/wp-json\/wp\/v2\/comments?post=5143"}],"version-history":[{"count":0,"href":"https:\/\/fss.cat\/es\/wp-json\/wp\/v2\/posts\/5143\/revisions"}],"wp:featuredmedia":[{"embeddable":true,"href":"https:\/\/fss.cat\/es\/wp-json\/wp\/v2\/media\/5146"}],"wp:attachment":[{"href":"https:\/\/fss.cat\/es\/wp-json\/wp\/v2\/media?parent=5143"}],"wp:term":[{"taxonomy":"category","embeddable":true,"href":"https:\/\/fss.cat\/es\/wp-json\/wp\/v2\/categories?post=5143"},{"taxonomy":"post_tag","embeddable":true,"href":"https:\/\/fss.cat\/es\/wp-json\/wp\/v2\/tags?post=5143"}],"curies":[{"name":"wp","href":"https:\/\/api.w.org\/{rel}","templated":true}]}}