{"id":5141,"date":"2021-01-27T08:12:23","date_gmt":"2021-01-27T08:12:23","guid":{"rendered":"https:\/\/resi.prova.cat\/sumem-noves-mesures-preventives\/"},"modified":"2021-01-27T08:12:23","modified_gmt":"2021-01-27T08:12:23","slug":"sumem-noves-mesures-preventives","status":"publish","type":"post","link":"https:\/\/fss.cat\/es\/sumem-noves-mesures-preventives\/","title":{"rendered":"Sumem noves mesures preventives"},"content":{"rendered":"<p>Hem iniciat una nova mesura preventiva adre\u00e7ada als professionals de la Fundaci\u00f3 Sociosanit\u00e0ria Santa Susanna, als quals s&#8217;estan realitzant cada setmana una PCR per automostres i un test d&#8217;antigen r\u00e0pid. (TAR).\u00a0\u00a0Aquest control peri\u00f2dic, que ja s&#8217;estava portant a terme entre els professionals de la Fundaci\u00f3 d&#8217;Acollida Santa Susanna seguint els protocols establerts per a les resid\u00e8ncies, permet detectar possibles casos de Covid entre els professionals i reduir el risc de contagis.<\/p>\n<p>D&#8217;altra banda, han finalitzat les modificacions als vestidors dels professionals de Santa Susanna, separant-los per fundacions en diferents espais de l&#8217;edifici.<\/p>\n","protected":false},"excerpt":{"rendered":"<p>Hem iniciat una nova mesura preventiva adre\u00e7ada als professionals de la Fundaci\u00f3 Sociosanit\u00e0ria Santa Susanna, als quals s&#8217;estan realitzant cada setmana una PCR per automostres i un test d&#8217;antigen r\u00e0pid. (TAR).\u00a0\u00a0Aquest control peri\u00f2dic, que ja s&#8217;estava portant a terme entre els professionals de la Fundaci\u00f3 d&#8217;Acollida Santa Susanna seguint els protocols establerts per a les [&hellip;]<\/p>\n","protected":false},"author":1,"featured_media":5142,"comment_status":"closed","ping_status":"closed","sticky":false,"template":"","format":"standard","meta":{"_acf_changed":false,"footnotes":""},"categories":[],"tags":[],"class_list":["post-5141","post","type-post","status-publish","format-standard","has-post-thumbnail","hentry"],"acf":[],"_links":{"self":[{"href":"https:\/\/fss.cat\/es\/wp-json\/wp\/v2\/posts\/5141","targetHints":{"allow":["GET"]}}],"collection":[{"href":"https:\/\/fss.cat\/es\/wp-json\/wp\/v2\/posts"}],"about":[{"href":"https:\/\/fss.cat\/es\/wp-json\/wp\/v2\/types\/post"}],"author":[{"embeddable":true,"href":"https:\/\/fss.cat\/es\/wp-json\/wp\/v2\/users\/1"}],"replies":[{"embeddable":true,"href":"https:\/\/fss.cat\/es\/wp-json\/wp\/v2\/comments?post=5141"}],"version-history":[{"count":0,"href":"https:\/\/fss.cat\/es\/wp-json\/wp\/v2\/posts\/5141\/revisions"}],"wp:featuredmedia":[{"embeddable":true,"href":"https:\/\/fss.cat\/es\/wp-json\/wp\/v2\/media\/5142"}],"wp:attachment":[{"href":"https:\/\/fss.cat\/es\/wp-json\/wp\/v2\/media?parent=5141"}],"wp:term":[{"taxonomy":"category","embeddable":true,"href":"https:\/\/fss.cat\/es\/wp-json\/wp\/v2\/categories?post=5141"},{"taxonomy":"post_tag","embeddable":true,"href":"https:\/\/fss.cat\/es\/wp-json\/wp\/v2\/tags?post=5141"}],"curies":[{"name":"wp","href":"https:\/\/api.w.org\/{rel}","templated":true}]}}