{"id":5140,"date":"2021-01-25T10:02:30","date_gmt":"2021-01-25T10:02:30","guid":{"rendered":"https:\/\/resi.prova.cat\/mes-vacunes\/"},"modified":"2021-01-25T10:02:30","modified_gmt":"2021-01-25T10:02:30","slug":"mes-vacunes","status":"publish","type":"post","link":"https:\/\/fss.cat\/es\/mes-vacunes\/","title":{"rendered":"M\u00e9s vacunes"},"content":{"rendered":"<div>\n<p>S&#8217;ha continuat avan\u00e7ant en el <a href=\"https:\/\/www.fss.cat\/sinicia-la-vacunacio-contra-la-covid-19\/\">pla de vacunaci\u00f3 contra la COVID-19 iniciat el 8 de gener<\/a> a les fundacions Santa Susanna.<\/p>\n<p>Aquesta setmana han rebut la primera dosi de la vacuna els usuaris de llarga estada de la Fundaci\u00f3 Sociosanit\u00e0ria Santa Susanna. I s&#8217;ha pogut vacunar a m\u00e9s professionals de la Fundaci\u00f3 d&#8217;Acollida Santa Susanna a qui no es va poder administrar la dosi el passat dia 8.<\/p>\n<\/div>\n<p>A partir del dia 29, s&#8217;espera poder administrar la segona dosi a les persones que van rebre la primera el dia 8.<\/p>\n","protected":false},"excerpt":{"rendered":"<p>S&#8217;ha continuat avan\u00e7ant en el pla de vacunaci\u00f3 contra la COVID-19 iniciat el 8 de gener a les fundacions Santa Susanna. Aquesta setmana han rebut la primera dosi de la vacuna els usuaris de llarga estada de la Fundaci\u00f3 Sociosanit\u00e0ria Santa Susanna. I s&#8217;ha pogut vacunar a m\u00e9s professionals de la Fundaci\u00f3 d&#8217;Acollida Santa Susanna [&hellip;]<\/p>\n","protected":false},"author":1,"featured_media":5136,"comment_status":"closed","ping_status":"closed","sticky":false,"template":"","format":"standard","meta":{"_acf_changed":false,"footnotes":""},"categories":[],"tags":[],"class_list":["post-5140","post","type-post","status-publish","format-standard","has-post-thumbnail","hentry"],"acf":[],"_links":{"self":[{"href":"https:\/\/fss.cat\/es\/wp-json\/wp\/v2\/posts\/5140","targetHints":{"allow":["GET"]}}],"collection":[{"href":"https:\/\/fss.cat\/es\/wp-json\/wp\/v2\/posts"}],"about":[{"href":"https:\/\/fss.cat\/es\/wp-json\/wp\/v2\/types\/post"}],"author":[{"embeddable":true,"href":"https:\/\/fss.cat\/es\/wp-json\/wp\/v2\/users\/1"}],"replies":[{"embeddable":true,"href":"https:\/\/fss.cat\/es\/wp-json\/wp\/v2\/comments?post=5140"}],"version-history":[{"count":0,"href":"https:\/\/fss.cat\/es\/wp-json\/wp\/v2\/posts\/5140\/revisions"}],"wp:featuredmedia":[{"embeddable":true,"href":"https:\/\/fss.cat\/es\/wp-json\/wp\/v2\/media\/5136"}],"wp:attachment":[{"href":"https:\/\/fss.cat\/es\/wp-json\/wp\/v2\/media?parent=5140"}],"wp:term":[{"taxonomy":"category","embeddable":true,"href":"https:\/\/fss.cat\/es\/wp-json\/wp\/v2\/categories?post=5140"},{"taxonomy":"post_tag","embeddable":true,"href":"https:\/\/fss.cat\/es\/wp-json\/wp\/v2\/tags?post=5140"}],"curies":[{"name":"wp","href":"https:\/\/api.w.org\/{rel}","templated":true}]}}