{"id":5115,"date":"2020-12-04T09:12:33","date_gmt":"2020-12-04T09:12:33","guid":{"rendered":"https:\/\/resi.prova.cat\/inici-el-projecte-de-construccio-del-nou-tanatori-a-caldes\/"},"modified":"2025-07-09T10:38:17","modified_gmt":"2025-07-09T10:38:17","slug":"inici-el-projecte-de-construccio-del-nou-tanatori-a-caldes","status":"publish","type":"post","link":"https:\/\/fss.cat\/es\/inici-el-projecte-de-construccio-del-nou-tanatori-a-caldes\/","title":{"rendered":"S&#8217;inicia el projecte de construcci\u00f3 del nou tanatori a Caldes"},"content":{"rendered":"<p>La Fundaci\u00f3 Santa Susanna iniciar\u00e0 l\u2019any 2021 el projecte de construcci\u00f3 del nou tanatori a Caldes de Montbui per donar servei a la poblaci\u00f3 calderina en un espai m\u00e9s ampli i funcional. El nou edifici s\u2019ubicar\u00e0 al Jard\u00ed de la Fundaci\u00f3, un terreny adjacent a l\u2019aparcament Centre \u2013 El Sindicat, al centre de la vila i molt proper a l\u2019espai de les sales de vetlla actuals.<\/p>\n<p>L\u2019ubicaci\u00f3 del tanatori \u00e9s fruit de la voluntat de la Fundaci\u00f3 de mantenir aquest servei al centre del poble, afavorint la mobilitat a peu i facilitant la continu\u00eftat de la tradici\u00f3 d\u2019anar a la Parr\u00f2quia.<\/p>\n<p>Pel disseny del projecte, es dur\u00e0 a terme un concurs d\u2019idees que ja s\u2019ha proposat als i les arquitectes calderines. Amb aquesta iniciativa es vol reafirmar el valor de proximitat dels <a href=\"https:\/\/serveisfunerarisstasusanna.cat\/\">Serveis Funeraris Santa Susanna<\/a>, i alhora donar dignitat a un edifici especial al nucli de Caldes.<\/p>\n<p><a href=\"https:\/\/fss.cat\/wp-content\/uploads\/2025\/07\/SANTA_SUSANNA_FUNERARIS.jpg\"><img fetchpriority=\"high\" decoding=\"async\" class=\"aligncenter wp-image-1727 size-medium\" src=\"https:\/\/fss.cat\/wp-content\/uploads\/2025\/07\/SANTA_SUSANNA_FUNERARIS-300x167.jpg\" alt=\"\" width=\"300\" height=\"167\" \/><\/a><\/p>\n<p>La Fundaci\u00f3 Santa Susanna \u00e9s l\u2019\u00fanica instituci\u00f3 no lucrativa que presta serveis funeraris a Catalunya.<\/p>\n<p>L\u2019any 1953 la Fundaci\u00f3 ja prestava serveis funeraris i el 2016 van reprendre aquesta activitat amb la voluntat de seguir acompanyant i ajudant a prendre decisions en els moments dif\u00edcils.<\/p>\n<p>El 2017 va rebre el segon premi de la categoria \u201ctransformaci\u00f3 social\u201d dels \u201cPremis La Confederaci\u00f3\u201d per la singularitat del projecte i els valors dels servei.<\/p>\n<p>I l\u2019any 2019 es van atendre 188 fam\u00edlies als Serveis Funeraris Santa Susanna.<\/p>\n","protected":false},"excerpt":{"rendered":"<p>La Fundaci\u00f3 Santa Susanna iniciar\u00e0 l\u2019any 2021 el projecte de construcci\u00f3 del nou tanatori a Caldes de Montbui per donar servei a la poblaci\u00f3 calderina en un espai m\u00e9s ampli i funcional. El nou edifici s\u2019ubicar\u00e0 al Jard\u00ed de la Fundaci\u00f3, un terreny adjacent a l\u2019aparcament Centre \u2013 El Sindicat, al centre de la vila [&hellip;]<\/p>\n","protected":false},"author":1,"featured_media":5117,"comment_status":"closed","ping_status":"closed","sticky":false,"template":"","format":"standard","meta":{"_acf_changed":false,"footnotes":""},"categories":[],"tags":[],"class_list":["post-5115","post","type-post","status-publish","format-standard","has-post-thumbnail","hentry"],"acf":[],"_links":{"self":[{"href":"https:\/\/fss.cat\/es\/wp-json\/wp\/v2\/posts\/5115","targetHints":{"allow":["GET"]}}],"collection":[{"href":"https:\/\/fss.cat\/es\/wp-json\/wp\/v2\/posts"}],"about":[{"href":"https:\/\/fss.cat\/es\/wp-json\/wp\/v2\/types\/post"}],"author":[{"embeddable":true,"href":"https:\/\/fss.cat\/es\/wp-json\/wp\/v2\/users\/1"}],"replies":[{"embeddable":true,"href":"https:\/\/fss.cat\/es\/wp-json\/wp\/v2\/comments?post=5115"}],"version-history":[{"count":0,"href":"https:\/\/fss.cat\/es\/wp-json\/wp\/v2\/posts\/5115\/revisions"}],"wp:featuredmedia":[{"embeddable":true,"href":"https:\/\/fss.cat\/es\/wp-json\/wp\/v2\/media\/5117"}],"wp:attachment":[{"href":"https:\/\/fss.cat\/es\/wp-json\/wp\/v2\/media?parent=5115"}],"wp:term":[{"taxonomy":"category","embeddable":true,"href":"https:\/\/fss.cat\/es\/wp-json\/wp\/v2\/categories?post=5115"},{"taxonomy":"post_tag","embeddable":true,"href":"https:\/\/fss.cat\/es\/wp-json\/wp\/v2\/tags?post=5115"}],"curies":[{"name":"wp","href":"https:\/\/api.w.org\/{rel}","templated":true}]}}