{"id":5102,"date":"2020-11-26T17:52:32","date_gmt":"2020-11-26T17:52:32","guid":{"rendered":"https:\/\/resi.prova.cat\/participem-al-giving-tuesday\/"},"modified":"2025-07-09T10:38:12","modified_gmt":"2025-07-09T10:38:12","slug":"participem-al-giving-tuesday","status":"publish","type":"post","link":"https:\/\/fss.cat\/es\/participem-al-giving-tuesday\/","title":{"rendered":"Participem al Giving Tuesday"},"content":{"rendered":"<p>La Fundaci\u00f3 Santa Susanna participa de nou al Giving Tuesday, el moviment global de solidaritat que se celebra aquest any l\u20191 de desembre, just despr\u00e9s del BlackFriday i el CyberMonday com a crida a la solidaritat en contrast amb les jornades de compres i consum.\u00a0 <a href=\"https:\/\/fss.cat\/wp-content\/uploads\/2025\/07\/gtlogo2020_cat-scaled.png\"><img fetchpriority=\"high\" decoding=\"async\" class=\"aligncenter size-large wp-image-2069\" src=\"https:\/\/fss.cat\/wp-content\/uploads\/2025\/07\/gtlogo2020_cat-scaled.png\" alt=\"\" width=\"710\" height=\"144\" \/><\/a><\/p>\n<p>Es pot col\u00b7laborar amb la Fundaci\u00f3 fent un donatiu econ\u00f2mic al compte bancari ES54 3025 0001 10 1433507237 o b\u00e9 presencialment a les dues recepcions de l\u2019edifici, col\u00b7laborant a les guardioles i\/o adquirint participacions per al sorteig d\u2019una panera.<\/p>\n<p>En aquesta ocasi\u00f3, la Fundaci\u00f3 posa a la venda obres d\u2019art de la Sra. Remei Vendrell que l\u2019entitat va heretar de l\u2019artista calderina. Al perfil d\u2019Instagram <a href=\"https:\/\/www.instagram.com\/solidaritatstasusanna\/\">@SolidaritatStaSusanna<\/a> hi haur\u00e0 el cat\u00e0leg de les obres numerades i caldr\u00e0 fer la reserva per correu electr\u00f2nic o per tel\u00e8fon, aix\u00ed com acordar posteriorment el dia i hora d\u2019entrega.<\/p>\n<p>Tots els beneficis aniran destinats a l\u2019adaptaci\u00f3 de les estructures existents a la prevenci\u00f3 del Covid, concretament les modificacions als vestidors dels professionals de les tres fundacions Santa Susanna.<\/p>\n<p>La Fundaci\u00f3 Santa Susanna confia en la solidaritat de la poblaci\u00f3 que, al llarg dels m\u00e9s de sis segles d\u2019hist\u00f2ria, tantes vegades ha demostrat la seva estima i suport.<\/p>\n<p><a href=\"https:\/\/fss.cat\/wp-content\/uploads\/2025\/07\/cartell.jpg\"><img decoding=\"async\" class=\"aligncenter wp-image-2070 size-medium\" src=\"https:\/\/fss.cat\/wp-content\/uploads\/2025\/07\/cartell-300x300.jpg\" alt=\"\" width=\"300\" height=\"300\" \/><\/a><\/p>\n<p>&nbsp;<\/p>\n<p><strong>GivingTuesday, un moviment global de solidaritat<\/strong><\/p>\n<p><strong>\u00a0<\/strong><a href=\"http:\/\/givingtuesday.cat\/\">#GivingTuesday<\/a> \u00e9s el moviment global de solidaritat que fomenta la cultura de la col\u00b7laboraci\u00f3 a trav\u00e9s de donacions a diferents causes socials i se celebra cada any despr\u00e9s del #BlackFriday i el #CyberMonday com a crida a la solidaritat rere les jornades de compres i consum.<\/p>\n<p>#GivingTuesday constitueix una plataforma global que va n\u00e9ixer l\u2019any 2012 a Estats Units i promoguda per l\u2019ONU, entre altres institucions, a les que ja s\u2019han afegit m\u00e9s de 70 pa\u00efsos.<\/p>\n<p>&nbsp;<\/p>\n","protected":false},"excerpt":{"rendered":"<p>La Fundaci\u00f3 Santa Susanna participa de nou al Giving Tuesday, el moviment global de solidaritat que se celebra aquest any l\u20191 de desembre, just despr\u00e9s del BlackFriday i el CyberMonday com a crida a la solidaritat en contrast amb les jornades de compres i consum.\u00a0 Es pot col\u00b7laborar amb la Fundaci\u00f3 fent un donatiu econ\u00f2mic [&hellip;]<\/p>\n","protected":false},"author":1,"featured_media":5106,"comment_status":"closed","ping_status":"closed","sticky":false,"template":"","format":"standard","meta":{"_acf_changed":false,"footnotes":""},"categories":[],"tags":[],"class_list":["post-5102","post","type-post","status-publish","format-standard","has-post-thumbnail","hentry"],"acf":[],"_links":{"self":[{"href":"https:\/\/fss.cat\/es\/wp-json\/wp\/v2\/posts\/5102","targetHints":{"allow":["GET"]}}],"collection":[{"href":"https:\/\/fss.cat\/es\/wp-json\/wp\/v2\/posts"}],"about":[{"href":"https:\/\/fss.cat\/es\/wp-json\/wp\/v2\/types\/post"}],"author":[{"embeddable":true,"href":"https:\/\/fss.cat\/es\/wp-json\/wp\/v2\/users\/1"}],"replies":[{"embeddable":true,"href":"https:\/\/fss.cat\/es\/wp-json\/wp\/v2\/comments?post=5102"}],"version-history":[{"count":0,"href":"https:\/\/fss.cat\/es\/wp-json\/wp\/v2\/posts\/5102\/revisions"}],"wp:featuredmedia":[{"embeddable":true,"href":"https:\/\/fss.cat\/es\/wp-json\/wp\/v2\/media\/5106"}],"wp:attachment":[{"href":"https:\/\/fss.cat\/es\/wp-json\/wp\/v2\/media?parent=5102"}],"wp:term":[{"taxonomy":"category","embeddable":true,"href":"https:\/\/fss.cat\/es\/wp-json\/wp\/v2\/categories?post=5102"},{"taxonomy":"post_tag","embeddable":true,"href":"https:\/\/fss.cat\/es\/wp-json\/wp\/v2\/tags?post=5102"}],"curies":[{"name":"wp","href":"https:\/\/api.w.org\/{rel}","templated":true}]}}