{"id":5099,"date":"2020-11-19T16:23:20","date_gmt":"2020-11-19T16:23:20","guid":{"rendered":"https:\/\/resi.prova.cat\/acceptem-el-repte\/"},"modified":"2020-11-19T16:23:20","modified_gmt":"2020-11-19T16:23:20","slug":"acceptem-el-repte","status":"publish","type":"post","link":"https:\/\/fss.cat\/es\/acceptem-el-repte\/","title":{"rendered":"Acceptem el repte"},"content":{"rendered":"<div>\n<div>\u00abAcceptem el repte\u00bb \u00e9s el <strong>nou lema<\/strong> de les tres fundacions Santa Susanna. Ens acompanyar\u00e0 al llarg del curs 2020-21, des d&#8217;ara a la tardor fins la diada de Santa Susanna.<\/div>\n<div><\/div>\n<\/div>\n<div><\/div>\n<div>\n<div style=\"width: 800px;\" class=\"wp-video\"><video class=\"wp-video-shortcode\" id=\"video-5099-1\" width=\"800\" height=\"450\" preload=\"metadata\" controls=\"controls\"><source type=\"video\/mp4\" src=\"https:\/\/www.fss.cat\/wp-content\/uploads\/2020\/11\/lema-2020-21-ACCEPTEM-EL-REPTE.mp4?_=1\" \/><a href=\"https:\/\/www.fss.cat\/wp-content\/uploads\/2020\/11\/lema-2020-21-ACCEPTEM-EL-REPTE.mp4\">https:\/\/www.fss.cat\/wp-content\/uploads\/2020\/11\/lema-2020-21-ACCEPTEM-EL-REPTE.mp4<\/a><\/video><\/div>\n<\/div>\n<div><\/div>\n<div><\/div>\n<div>\n<div>\n<div>El lema est\u00e0 vinculat a la <strong>visi\u00f3 de la Fundaci\u00f3 Santa Susanna<\/strong>: <strong>innovaci\u00f3 i renovaci\u00f3<\/strong> per continuar el llegat, identificant noves necessitats i possibilitant\u00a0nous projectes que\u00a0s&#8217;adaptin i donin resposta a la realitat social de cada moment.<\/div>\n<div><\/div>\n<p>L&#8217;emblema s&#8217;ha escollit per l&#8217;impacte que la pand\u00e8mia est\u00e0 tenint a les fundacions i a la societat en general. Un gran repte per a totes les persones vinculades a la instituci\u00f3 i un repte m\u00e9s dels que l&#8217;entitat ha anat superant al llarg dels 6 segles d&#8217;hist\u00f2ria, adaptant-se a les necessitats de cada moment.<\/p>\n<\/div>\n<div>\n<div>El lema d&#8217;aquest curs \u00e9s una resposta a la nova realitat: <strong>acceptem el repte, junts i juntes, amb confian\u00e7a i esperan\u00e7a, ens en sortirem!\u00a0<\/strong><\/div>\n<\/div>\n<\/div>\n","protected":false},"excerpt":{"rendered":"<p>\u00abAcceptem el repte\u00bb \u00e9s el nou lema de les tres fundacions Santa Susanna. Ens acompanyar\u00e0 al llarg del curs 2020-21, des d&#8217;ara a la tardor fins la diada de Santa Susanna. El lema est\u00e0 vinculat a la visi\u00f3 de la Fundaci\u00f3 Santa Susanna: innovaci\u00f3 i renovaci\u00f3 per continuar el llegat, identificant noves necessitats i possibilitant\u00a0nous [&hellip;]<\/p>\n","protected":false},"author":1,"featured_media":5100,"comment_status":"closed","ping_status":"closed","sticky":false,"template":"","format":"standard","meta":{"_acf_changed":false,"footnotes":""},"categories":[],"tags":[],"class_list":["post-5099","post","type-post","status-publish","format-standard","has-post-thumbnail","hentry"],"acf":[],"_links":{"self":[{"href":"https:\/\/fss.cat\/es\/wp-json\/wp\/v2\/posts\/5099","targetHints":{"allow":["GET"]}}],"collection":[{"href":"https:\/\/fss.cat\/es\/wp-json\/wp\/v2\/posts"}],"about":[{"href":"https:\/\/fss.cat\/es\/wp-json\/wp\/v2\/types\/post"}],"author":[{"embeddable":true,"href":"https:\/\/fss.cat\/es\/wp-json\/wp\/v2\/users\/1"}],"replies":[{"embeddable":true,"href":"https:\/\/fss.cat\/es\/wp-json\/wp\/v2\/comments?post=5099"}],"version-history":[{"count":0,"href":"https:\/\/fss.cat\/es\/wp-json\/wp\/v2\/posts\/5099\/revisions"}],"wp:featuredmedia":[{"embeddable":true,"href":"https:\/\/fss.cat\/es\/wp-json\/wp\/v2\/media\/5100"}],"wp:attachment":[{"href":"https:\/\/fss.cat\/es\/wp-json\/wp\/v2\/media?parent=5099"}],"wp:term":[{"taxonomy":"category","embeddable":true,"href":"https:\/\/fss.cat\/es\/wp-json\/wp\/v2\/categories?post=5099"},{"taxonomy":"post_tag","embeddable":true,"href":"https:\/\/fss.cat\/es\/wp-json\/wp\/v2\/tags?post=5099"}],"curies":[{"name":"wp","href":"https:\/\/api.w.org\/{rel}","templated":true}]}}