{"id":5091,"date":"2020-10-21T09:35:02","date_gmt":"2020-10-21T09:35:02","guid":{"rendered":"https:\/\/resi.prova.cat\/ajudem-casa-seva-servei-datencio-domiciliaria\/"},"modified":"2025-07-09T10:37:55","modified_gmt":"2025-07-09T10:37:55","slug":"ajudem-casa-seva-servei-datencio-domiciliaria","status":"publish","type":"post","link":"https:\/\/fss.cat\/es\/ajudem-casa-seva-servei-datencio-domiciliaria\/","title":{"rendered":"L&#8217;ajudem a casa seva"},"content":{"rendered":"<p>La Fundaci\u00f3 Santa Susanna ha estrenat un nou punt d&#8217;atenci\u00f3 del Servei d&#8217;Atenci\u00f3 Domicili\u00e0ria (SAD). L&#8217;espai, ubicat al carrer Font i Boet 12, permet atendre a les persones usu\u00e0ries del servei i a les seves fam\u00edlies sense necessitat d&#8217;accedir a l&#8217;edifici principal. Les obres realitzades han sigut un donatiu de l&#8217;empresa calderina Esocal, a qui agra\u00efm la seva aportaci\u00f3.<\/p>\n<p>Els Serveis d&#8217;Atenci\u00f3 Domicili\u00e0ria de la Fundaci\u00f3 Santa Susanna compten amb un certificat de gesti\u00f3 de qualitat i ofereix serveis especialment dissenyats per donar assist\u00e8ncia, seguretat i confort a les persones que viuen al seu domicili i volen continuar-hi amb l&#8217;ajuda de professionals especialitzats:<\/p>\n<div>\n<div>\n<ul>\n<li><b>Assessorament<\/b>: informaci\u00f3 de recursos<\/li>\n<li><b>Suport al domicili<\/b>: neteja i suport a la llar (neteja i manteniment), suport a la persona en les activitats b\u00e0siques de la vida di\u00e0ria (higiene, vestir, menjar, mobilitzacions&#8230;), companyia i acompanyaments programats, servei de menjar a domicili (dinar i\/o sopar), bugaderia, perruqueria i consultes especialitzades (psicologia, fisioter\u00e0pia, medicina, infermeria&#8230;).<\/li>\n<li><b>Entorn<\/b>: pr\u00e9stec d&#8217;ajudes t\u00e8cniques, valoraci\u00f3 t\u00e8cnica de l&#8217;habitatge (per adaptar-lo a les necessitats personals) i gesti\u00f3 d&#8217;arranjaments (per coordinar les obres d&#8217;adequaci\u00f3 i millora de l&#8217;habitatge).<\/li>\n<li><b>Transport adaptat<\/b>: viatges concertats.<\/li>\n<\/ul>\n<div>Ens agradar\u00e0 molt rebreu-us en aquest nou espai!<\/div>\n<\/div>\n<div><a href=\"https:\/\/fss.cat\/wp-content\/uploads\/2025\/07\/sad-imatge.jpg\"><img fetchpriority=\"high\" decoding=\"async\" class=\"aligncenter size-full wp-image-2000\" src=\"https:\/\/fss.cat\/wp-content\/uploads\/2025\/07\/sad-imatge.jpg\" alt=\"\" width=\"610\" height=\"870\" \/><\/a><\/div>\n<\/div>\n","protected":false},"excerpt":{"rendered":"<p>La Fundaci\u00f3 Santa Susanna ha estrenat un nou punt d&#8217;atenci\u00f3 del Servei d&#8217;Atenci\u00f3 Domicili\u00e0ria (SAD). L&#8217;espai, ubicat al carrer Font i Boet 12, permet atendre a les persones usu\u00e0ries del servei i a les seves fam\u00edlies sense necessitat d&#8217;accedir a l&#8217;edifici principal. Les obres realitzades han sigut un donatiu de l&#8217;empresa calderina Esocal, a qui [&hellip;]<\/p>\n","protected":false},"author":1,"featured_media":5094,"comment_status":"closed","ping_status":"closed","sticky":false,"template":"","format":"standard","meta":{"_acf_changed":false,"footnotes":""},"categories":[],"tags":[],"class_list":["post-5091","post","type-post","status-publish","format-standard","has-post-thumbnail","hentry"],"acf":[],"_links":{"self":[{"href":"https:\/\/fss.cat\/es\/wp-json\/wp\/v2\/posts\/5091","targetHints":{"allow":["GET"]}}],"collection":[{"href":"https:\/\/fss.cat\/es\/wp-json\/wp\/v2\/posts"}],"about":[{"href":"https:\/\/fss.cat\/es\/wp-json\/wp\/v2\/types\/post"}],"author":[{"embeddable":true,"href":"https:\/\/fss.cat\/es\/wp-json\/wp\/v2\/users\/1"}],"replies":[{"embeddable":true,"href":"https:\/\/fss.cat\/es\/wp-json\/wp\/v2\/comments?post=5091"}],"version-history":[{"count":0,"href":"https:\/\/fss.cat\/es\/wp-json\/wp\/v2\/posts\/5091\/revisions"}],"wp:featuredmedia":[{"embeddable":true,"href":"https:\/\/fss.cat\/es\/wp-json\/wp\/v2\/media\/5094"}],"wp:attachment":[{"href":"https:\/\/fss.cat\/es\/wp-json\/wp\/v2\/media?parent=5091"}],"wp:term":[{"taxonomy":"category","embeddable":true,"href":"https:\/\/fss.cat\/es\/wp-json\/wp\/v2\/categories?post=5091"},{"taxonomy":"post_tag","embeddable":true,"href":"https:\/\/fss.cat\/es\/wp-json\/wp\/v2\/tags?post=5091"}],"curies":[{"name":"wp","href":"https:\/\/api.w.org\/{rel}","templated":true}]}}