{"id":5089,"date":"2020-10-20T07:55:08","date_gmt":"2020-10-20T07:55:08","guid":{"rendered":"https:\/\/resi.prova.cat\/lesbarjo-57-el-coronavirus-aprenentatges-i-reptes\/"},"modified":"2020-10-20T07:55:08","modified_gmt":"2020-10-20T07:55:08","slug":"lesbarjo-57-el-coronavirus-aprenentatges-i-reptes","status":"publish","type":"post","link":"https:\/\/fss.cat\/es\/lesbarjo-57-el-coronavirus-aprenentatges-i-reptes\/","title":{"rendered":"L&#8217;Esbarjo 57: El coronavirus: aprenentatges i reptes"},"content":{"rendered":"<p>La darrera edici\u00f3 de\u00a0<a href=\"https:\/\/www.fss.cat\/informacio-recomanada\/lesbarjo\/\">L\u2019Esbarjo<\/a> s\u2019anomena \u00abEl coronavirus: aprenentatges i reptes. Adaptaci\u00f3 a la nova realitat\u00bb. Est\u00e0 dedicat a l&#8217;impacte de la pand\u00e8mia en la gent gran de Caldes de Montbui.<\/p>\n<p>\u201cCaldes de Montbui, Ciutat amiga de la gent gran\u201d \u00e9s un projecte impulsat per l\u2019Ajuntament de Caldes de Montbui que compta amb la col\u00b7laboraci\u00f3 de la Fundaci\u00f3 Santa Susanna. La vila de Caldes i est\u00e0 adherida a la Xarxa global de Ciutats amigues de la gent gran des del 2016.<\/p>\n","protected":false},"excerpt":{"rendered":"<p>La darrera edici\u00f3 de\u00a0L\u2019Esbarjo s\u2019anomena \u00abEl coronavirus: aprenentatges i reptes. Adaptaci\u00f3 a la nova realitat\u00bb. Est\u00e0 dedicat a l&#8217;impacte de la pand\u00e8mia en la gent gran de Caldes de Montbui. \u201cCaldes de Montbui, Ciutat amiga de la gent gran\u201d \u00e9s un projecte impulsat per l\u2019Ajuntament de Caldes de Montbui que compta amb la col\u00b7laboraci\u00f3 de [&hellip;]<\/p>\n","protected":false},"author":1,"featured_media":5090,"comment_status":"closed","ping_status":"closed","sticky":false,"template":"","format":"standard","meta":{"_acf_changed":false,"footnotes":""},"categories":[],"tags":[],"class_list":["post-5089","post","type-post","status-publish","format-standard","has-post-thumbnail","hentry"],"acf":[],"_links":{"self":[{"href":"https:\/\/fss.cat\/es\/wp-json\/wp\/v2\/posts\/5089","targetHints":{"allow":["GET"]}}],"collection":[{"href":"https:\/\/fss.cat\/es\/wp-json\/wp\/v2\/posts"}],"about":[{"href":"https:\/\/fss.cat\/es\/wp-json\/wp\/v2\/types\/post"}],"author":[{"embeddable":true,"href":"https:\/\/fss.cat\/es\/wp-json\/wp\/v2\/users\/1"}],"replies":[{"embeddable":true,"href":"https:\/\/fss.cat\/es\/wp-json\/wp\/v2\/comments?post=5089"}],"version-history":[{"count":0,"href":"https:\/\/fss.cat\/es\/wp-json\/wp\/v2\/posts\/5089\/revisions"}],"wp:featuredmedia":[{"embeddable":true,"href":"https:\/\/fss.cat\/es\/wp-json\/wp\/v2\/media\/5090"}],"wp:attachment":[{"href":"https:\/\/fss.cat\/es\/wp-json\/wp\/v2\/media?parent=5089"}],"wp:term":[{"taxonomy":"category","embeddable":true,"href":"https:\/\/fss.cat\/es\/wp-json\/wp\/v2\/categories?post=5089"},{"taxonomy":"post_tag","embeddable":true,"href":"https:\/\/fss.cat\/es\/wp-json\/wp\/v2\/tags?post=5089"}],"curies":[{"name":"wp","href":"https:\/\/api.w.org\/{rel}","templated":true}]}}