{"id":5085,"date":"2020-10-07T09:39:20","date_gmt":"2020-10-07T09:39:20","guid":{"rendered":"https:\/\/resi.prova.cat\/obrim-la-cafeteria\/"},"modified":"2025-07-09T10:37:55","modified_gmt":"2025-07-09T10:37:55","slug":"obrim-la-cafeteria","status":"publish","type":"post","link":"https:\/\/fss.cat\/es\/obrim-la-cafeteria\/","title":{"rendered":"Obrim la cafeteria!"},"content":{"rendered":"<p>A partir del dia 5 d&#8217;octubre la cafeteria del Punt de trobada est\u00e0 oberta cada dia de 10.00 a 19.00.<\/p>\n<p>La cafeteria ha obert les seves portes amb canvis importants:<\/p>\n<ul>\n<li>Nou acc\u00e9s pel c. Gregori Montserrat (al costat de la pla\u00e7a Catalunya). Aquesta tamb\u00e9 \u00e9s l&#8217;entrada per les persones que volen anar a la perrqueria.<\/li>\n<li>Espai segur i m\u00e9s gran<\/li>\n<\/ul>\n<p>Covidem a la poblaci\u00f3 a fer \u00fas dels serveis de cafeteria, dinar a la fundaci\u00f3 o emportar-se el dinar preparat. Cada consumici\u00f3 ajudar\u00e0 a pal\u00b7liar el d\u00e8ficit d&#8217;altres serveis de la Fundaci\u00f3.<\/p>\n<p><a href=\"https:\/\/fss.cat\/wp-content\/uploads\/2025\/07\/reobertura-cafeteria.jpg\"><img fetchpriority=\"high\" decoding=\"async\" class=\"aligncenter wp-image-1984 size-full\" src=\"https:\/\/fss.cat\/wp-content\/uploads\/2025\/07\/reobertura-cafeteria.jpg\" alt=\"\" width=\"819\" height=\"612\" \/><\/a><\/p>\n","protected":false},"excerpt":{"rendered":"<p>A partir del dia 5 d&#8217;octubre la cafeteria del Punt de trobada est\u00e0 oberta cada dia de 10.00 a 19.00. La cafeteria ha obert les seves portes amb canvis importants: Nou acc\u00e9s pel c. Gregori Montserrat (al costat de la pla\u00e7a Catalunya). Aquesta tamb\u00e9 \u00e9s l&#8217;entrada per les persones que volen anar a la perrqueria. [&hellip;]<\/p>\n","protected":false},"author":1,"featured_media":5088,"comment_status":"closed","ping_status":"closed","sticky":false,"template":"","format":"standard","meta":{"_acf_changed":false,"footnotes":""},"categories":[],"tags":[],"class_list":["post-5085","post","type-post","status-publish","format-standard","has-post-thumbnail","hentry"],"acf":[],"_links":{"self":[{"href":"https:\/\/fss.cat\/es\/wp-json\/wp\/v2\/posts\/5085","targetHints":{"allow":["GET"]}}],"collection":[{"href":"https:\/\/fss.cat\/es\/wp-json\/wp\/v2\/posts"}],"about":[{"href":"https:\/\/fss.cat\/es\/wp-json\/wp\/v2\/types\/post"}],"author":[{"embeddable":true,"href":"https:\/\/fss.cat\/es\/wp-json\/wp\/v2\/users\/1"}],"replies":[{"embeddable":true,"href":"https:\/\/fss.cat\/es\/wp-json\/wp\/v2\/comments?post=5085"}],"version-history":[{"count":0,"href":"https:\/\/fss.cat\/es\/wp-json\/wp\/v2\/posts\/5085\/revisions"}],"wp:featuredmedia":[{"embeddable":true,"href":"https:\/\/fss.cat\/es\/wp-json\/wp\/v2\/media\/5088"}],"wp:attachment":[{"href":"https:\/\/fss.cat\/es\/wp-json\/wp\/v2\/media?parent=5085"}],"wp:term":[{"taxonomy":"category","embeddable":true,"href":"https:\/\/fss.cat\/es\/wp-json\/wp\/v2\/categories?post=5085"},{"taxonomy":"post_tag","embeddable":true,"href":"https:\/\/fss.cat\/es\/wp-json\/wp\/v2\/tags?post=5085"}],"curies":[{"name":"wp","href":"https:\/\/api.w.org\/{rel}","templated":true}]}}