{"id":5081,"date":"2020-09-10T11:05:01","date_gmt":"2020-09-10T11:05:01","guid":{"rendered":"https:\/\/resi.prova.cat\/seguim-treballant-dia-a-dia-per-millorar\/"},"modified":"2020-09-10T11:05:01","modified_gmt":"2020-09-10T11:05:01","slug":"seguim-treballant-dia-a-dia-per-millorar","status":"publish","type":"post","link":"https:\/\/fss.cat\/es\/seguim-treballant-dia-a-dia-per-millorar\/","title":{"rendered":"Seguim treballant dia a dia per millorar"},"content":{"rendered":"<p>La Fundaci\u00f3 d&#8217;Acollida Santa Susanna ha iniciat un proc\u00e9s d&#8217;acomiadaments objectius de la plantilla per tal d&#8217;afrontar el tancament de 26 llits de resid\u00e8ncia i la disminuci\u00f3 de l&#8217;ocupaci\u00f3 de les places de centre de dia.<\/p>\n<p>Aquesta acci\u00f3 s&#8217;ha aconseguit despr\u00e9s d&#8217;un proc\u00e9s de negociaci\u00f3 que ha perm\u00e8s arribar a un acord entre el comit\u00e8 d&#8217;empresa i la direcci\u00f3 de la fundaci\u00f3.<\/p>\n<p>Es va obrir una convocat\u00f2ria per sol\u00b7licitar la baixa volunt\u00e0ria incentivada, on es van presentar 17 persones per a 10 places. Encara que aquest proc\u00e9s ens entristeix, ens resta la satisfacci\u00f3 d&#8217;haver creat una proposta per aquelles persones que han vist aquesta convocat\u00f2ria com una oportunitat de canvi professional o personal i aix\u00ed han col. laborat en evitar acomiadaments a persones que desitgen continuar treballant amb nosaltres.<\/p>\n<p>Fruit d&#8217;aquest proc\u00e9s, s&#8217;ha portat a terme una reestructuraci\u00f3 dels horaris dels treballadors que ha perm\u00e8s una mesura important: la creaci\u00f3 d&#8217;equips de professionals estables a la mateixa planta, fet que suposa la creaci\u00f3 de grups de conviv\u00e8ncia estables per contenir possibles contagis.<\/p>\n<p>Seguim treballant dia a dia per millorar cont\u00ednuament les accions de prevenci\u00f3, fer una detecci\u00f3 acurada de s\u00edmptomes que indiquin un possible contagi i fer les intervencion pertinents segons els protocols i seguint les indicacions del CAP.<\/p>\n<p>I, com totes les resid\u00e8ncies, seguirem atenent els nostres usuaris en la situaci\u00f3 de risc a la que estem exposats, amb la m\u00e0xima qualitat possible.<\/p>\n","protected":false},"excerpt":{"rendered":"<p>La Fundaci\u00f3 d&#8217;Acollida Santa Susanna ha iniciat un proc\u00e9s d&#8217;acomiadaments objectius de la plantilla per tal d&#8217;afrontar el tancament de 26 llits de resid\u00e8ncia i la disminuci\u00f3 de l&#8217;ocupaci\u00f3 de les places de centre de dia. Aquesta acci\u00f3 s&#8217;ha aconseguit despr\u00e9s d&#8217;un proc\u00e9s de negociaci\u00f3 que ha perm\u00e8s arribar a un acord entre el comit\u00e8 [&hellip;]<\/p>\n","protected":false},"author":1,"featured_media":5082,"comment_status":"closed","ping_status":"closed","sticky":false,"template":"","format":"standard","meta":{"_acf_changed":false,"footnotes":""},"categories":[],"tags":[],"class_list":["post-5081","post","type-post","status-publish","format-standard","has-post-thumbnail","hentry"],"acf":[],"_links":{"self":[{"href":"https:\/\/fss.cat\/es\/wp-json\/wp\/v2\/posts\/5081","targetHints":{"allow":["GET"]}}],"collection":[{"href":"https:\/\/fss.cat\/es\/wp-json\/wp\/v2\/posts"}],"about":[{"href":"https:\/\/fss.cat\/es\/wp-json\/wp\/v2\/types\/post"}],"author":[{"embeddable":true,"href":"https:\/\/fss.cat\/es\/wp-json\/wp\/v2\/users\/1"}],"replies":[{"embeddable":true,"href":"https:\/\/fss.cat\/es\/wp-json\/wp\/v2\/comments?post=5081"}],"version-history":[{"count":0,"href":"https:\/\/fss.cat\/es\/wp-json\/wp\/v2\/posts\/5081\/revisions"}],"wp:featuredmedia":[{"embeddable":true,"href":"https:\/\/fss.cat\/es\/wp-json\/wp\/v2\/media\/5082"}],"wp:attachment":[{"href":"https:\/\/fss.cat\/es\/wp-json\/wp\/v2\/media?parent=5081"}],"wp:term":[{"taxonomy":"category","embeddable":true,"href":"https:\/\/fss.cat\/es\/wp-json\/wp\/v2\/categories?post=5081"},{"taxonomy":"post_tag","embeddable":true,"href":"https:\/\/fss.cat\/es\/wp-json\/wp\/v2\/tags?post=5081"}],"curies":[{"name":"wp","href":"https:\/\/api.w.org\/{rel}","templated":true}]}}