{"id":5078,"date":"2020-08-21T10:41:00","date_gmt":"2020-08-21T10:41:00","guid":{"rendered":"https:\/\/resi.prova.cat\/proces-de-reduccio-de-plantilla-a-la-fundacio-dacollida\/"},"modified":"2020-08-21T10:41:00","modified_gmt":"2020-08-21T10:41:00","slug":"proces-de-reduccio-de-plantilla-a-la-fundacio-dacollida","status":"publish","type":"post","link":"https:\/\/fss.cat\/es\/proces-de-reduccio-de-plantilla-a-la-fundacio-dacollida\/","title":{"rendered":"Proc\u00e9s de reducci\u00f3 de plantilla a la Fundaci\u00f3 d&#8217;Acollida"},"content":{"rendered":"<p>La Fundaci\u00f3 d&#8217;Acollida Santa Susanna ha iniciat un proc\u00e9s de reducci\u00f3 de la plantilla per tal d&#8217;afrontar el tancament de 26 llits de resid\u00e8ncia i la disminuci\u00f3 de l&#8217;ocupaci\u00f3 de les places de centre de dia. Aquesta decisi\u00f3 \u00e9s conseq\u00fc\u00e8ncia dels efectes adversos de la pand\u00e8mia que est\u00e0 patint la nostra organitzaci\u00f3 des de fa mesos.<\/p>\n<p>Gr\u00e0cies a l&#8217;acord entre el comit\u00e8 d&#8217;empresa i la direcci\u00f3 de la Fundaci\u00f3, s&#8217;ha iniciat un proc\u00e9s d&#8217;acomiadaments objectius fent una convocat\u00f2ria per a cobrir 10 baixes volunt\u00e0ries incentivades.<\/p>\n<p>A aquesta convocat\u00f2ria s&#8217;hi han presentat 17 persones. Posteriorment a la comissi\u00f3 de valoraci\u00f3 que es va portar a terme el passat 17 d&#8217;agost, es va comunicar a 10 persones que la seva sol\u00b7licitud ha estat acceptada i est\u00e0 previst que en les properes setmanes es vagin produint aquests acomiadaments. De les 7 persones restants, 1 resta en espera i 6 no compleixen els requisits acordats per accedir-hi.<\/p>\n<p>Encara que aquest proc\u00e9s ens entristeix, ens resta la satisfacci\u00f3 d&#8217;haver creat una proposta per aquelles persones que han vist aquesta convocat\u00f2ria com una oportunitat de canvi professional o personal i aix\u00ed han col. laborat en evitar acomiadaments a persones que desitgen continuar treballant amb nosaltres.<\/p>\n<p>En les properes setmanes procedirem a adjudicar les places definitives a les persones que s&#8217;han de recol\u00b7locar, coincidint amb els canvis de torn de vacances.<\/p>\n<p>Tan de bo acabi aviat aquest temps de crisi. Estem vivint una situaci\u00f3 in\u00e8dita a la nostra instituci\u00f3 a la que, per desgr\u00e0cia, no ens queda m\u00e9s remei que afrontar i superar entre totes les persones que continuem compromeses amb els nostres serveis.<\/p>\n<p>Properament convocarem una reuni\u00f3 informativa i d&#8217;opini\u00f3 amb els treballadors per iniciar el nou curs i establir les l\u00ednies priorit\u00e0ries de treball. No podem oblidar que di\u00e0riament estem atenent a 84 residents i a 11 persones que assisteixen al centre de dia que mereixen i esperen la nostra millor atenci\u00f3.<\/p>\n","protected":false},"excerpt":{"rendered":"<p>La Fundaci\u00f3 d&#8217;Acollida Santa Susanna ha iniciat un proc\u00e9s de reducci\u00f3 de la plantilla per tal d&#8217;afrontar el tancament de 26 llits de resid\u00e8ncia i la disminuci\u00f3 de l&#8217;ocupaci\u00f3 de les places de centre de dia. Aquesta decisi\u00f3 \u00e9s conseq\u00fc\u00e8ncia dels efectes adversos de la pand\u00e8mia que est\u00e0 patint la nostra organitzaci\u00f3 des de fa [&hellip;]<\/p>\n","protected":false},"author":1,"featured_media":5007,"comment_status":"closed","ping_status":"closed","sticky":false,"template":"","format":"standard","meta":{"_acf_changed":false,"footnotes":""},"categories":[],"tags":[],"class_list":["post-5078","post","type-post","status-publish","format-standard","has-post-thumbnail","hentry"],"acf":[],"_links":{"self":[{"href":"https:\/\/fss.cat\/es\/wp-json\/wp\/v2\/posts\/5078","targetHints":{"allow":["GET"]}}],"collection":[{"href":"https:\/\/fss.cat\/es\/wp-json\/wp\/v2\/posts"}],"about":[{"href":"https:\/\/fss.cat\/es\/wp-json\/wp\/v2\/types\/post"}],"author":[{"embeddable":true,"href":"https:\/\/fss.cat\/es\/wp-json\/wp\/v2\/users\/1"}],"replies":[{"embeddable":true,"href":"https:\/\/fss.cat\/es\/wp-json\/wp\/v2\/comments?post=5078"}],"version-history":[{"count":0,"href":"https:\/\/fss.cat\/es\/wp-json\/wp\/v2\/posts\/5078\/revisions"}],"wp:featuredmedia":[{"embeddable":true,"href":"https:\/\/fss.cat\/es\/wp-json\/wp\/v2\/media\/5007"}],"wp:attachment":[{"href":"https:\/\/fss.cat\/es\/wp-json\/wp\/v2\/media?parent=5078"}],"wp:term":[{"taxonomy":"category","embeddable":true,"href":"https:\/\/fss.cat\/es\/wp-json\/wp\/v2\/categories?post=5078"},{"taxonomy":"post_tag","embeddable":true,"href":"https:\/\/fss.cat\/es\/wp-json\/wp\/v2\/tags?post=5078"}],"curies":[{"name":"wp","href":"https:\/\/api.w.org\/{rel}","templated":true}]}}