{"id":5064,"date":"2020-08-12T10:11:52","date_gmt":"2020-08-12T10:11:52","guid":{"rendered":"https:\/\/resi.prova.cat\/una-diada-marcada-pel-record-dels-difunts\/"},"modified":"2025-07-09T10:37:44","modified_gmt":"2025-07-09T10:37:44","slug":"una-diada-marcada-pel-record-dels-difunts","status":"publish","type":"post","link":"https:\/\/fss.cat\/es\/una-diada-marcada-pel-record-dels-difunts\/","title":{"rendered":"Una diada marcada pel record dels difunts"},"content":{"rendered":"<p style=\"background: white; margin: 6.0pt 0cm 6.0pt 0cm;\"><span style=\"font-size: 11.5pt; font-family: 'Arial','sans-serif'; color: black;\">La celebraci\u00f3 de la diada de Santa Susanna, la patrona de les 3 fundacions Santa Susanna, ha tingut lloc el dimarts 11 d\u2019agost adaptant-se a la situaci\u00f3 actual de la pand\u00e8mia. <\/span><\/p>\n<p style=\"background: white; margin: 6.0pt 0cm 6.0pt 0cm;\"><span style=\"font-size: 11.5pt; font-family: 'Arial','sans-serif'; color: black;\">\u00a0<\/span><\/p>\n<p style=\"background: white; margin: 6.0pt 0cm 6.0pt 0cm;\"><span style=\"font-size: 11.5pt; font-family: 'Arial','sans-serif'; color: black;\">Atesa la situaci\u00f3 de confinament que pateixen els residents i usuaris del sociosanitari, al mat\u00ed s\u2019han realitzat actes interns a les plantes. Mn. Xavier Blanco, president de la Fundaci\u00f3 d\u2019Acollida Santa Susanna i vicepresident de la Fundaci\u00f3 Santa Susanna, ha acompanyat als usuaris en la preg\u00e0ria i ha realitzat una benedicci\u00f3 a cada planta.<\/span><\/p>\n<p style=\"background: white; margin: 6.0pt 0cm 6.0pt 0cm;\"><span style=\"font-size: 11.5pt; font-family: 'Arial','sans-serif'; color: black;\"> <a href=\"https:\/\/fss.cat\/wp-content\/uploads\/2025\/07\/pregaria-mati-plantes-2.jpg\"><img fetchpriority=\"high\" decoding=\"async\" class=\"aligncenter wp-image-1953 size-medium\" src=\"https:\/\/fss.cat\/wp-content\/uploads\/2025\/07\/pregaria-mati-plantes-2-300x225.jpg\" alt=\"\" width=\"300\" height=\"225\" \/><\/a><\/span><\/p>\n<p style=\"background: white; margin: 6.0pt 0cm 6.0pt 0cm;\"><span style=\"font-size: 11.5pt; font-family: 'Arial','sans-serif'; color: black;\">A la tarda, s\u2019ha celebrat l\u2019eucaristia a la Parr\u00f2quia de Santa Maria i, en acabar, ha tingut lloc l\u2019acte en record de les persones que ens han deixat durant l\u2019estat d\u2019alarma i de les quals no ens hem pogut acomiadar com ens hagu\u00e9s agradat. Hi han participat fam\u00edlies que han patit la p\u00e8rdua d\u2019un \u00e9sser estimat i han estat acompanyades per professionals, voluntariat de les fundacions i persones del poble que s\u2019han unit a l\u2019homenatge.<\/span><\/p>\n<p><a href=\"https:\/\/fss.cat\/wp-content\/uploads\/2025\/07\/DSC_4099-HDTV-1080.jpg\"><img decoding=\"async\" class=\"aligncenter wp-image-1965 size-medium\" src=\"https:\/\/fss.cat\/wp-content\/uploads\/2025\/07\/DSC_4099-HDTV-1080-300x199.jpg\" alt=\"\" width=\"300\" height=\"199\" \/><\/a><\/p>\n<p style=\"background: white; margin: 6.0pt 0cm 6.0pt 0cm;\"><span style=\"font-size: 11.5pt; font-family: 'Arial','sans-serif'; color: black;\">En els <a href=\"https:\/\/www.fss.cat\/wp-content\/uploads\/2020\/08\/Acte-en-record-dels-difunts-parlaments.pdf\">parlaments<\/a> han intervingut la Sra. N\u00faria Carn\u00e9 (alcaldessa accidental), les direccions de les fundacions i professionals que han explicat com han viscut la pand\u00e8mia, i s\u2019ha compartit diferents diferents testimonis dels residents i la seva experi\u00e8ncia durant el confinament.<\/span><\/p>\n<p style=\"background: white; margin: 6.0pt 0cm 6.0pt 0cm;\"><span style=\"font-size: 11.5pt; font-family: 'Arial','sans-serif'; color: black;\">\u00a0<\/span><\/p>\n<p style=\"background: white; margin: 6.0pt 0cm 6.0pt 0cm;\"><span style=\"font-size: 11.5pt; font-family: 'Arial','sans-serif'; color: black;\">Les persones assistents a l\u2019acte han pogut expressar els seus sentiments en unes cintes de colors que s\u2019han penjat totes juntes i que restaran exposades durant un temps a l\u2019entrada del carrer Sentmenat. <\/span><\/p>\n<p style=\"background: white; margin: 6.0pt 0cm 6.0pt 0cm;\"><span style=\"font-size: 11.5pt; font-family: 'Arial','sans-serif'; color: black;\"> <a href=\"https:\/\/fss.cat\/wp-content\/uploads\/2025\/07\/cintes-5.jpg\"><img decoding=\"async\" class=\"aligncenter wp-image-1955 size-medium\" src=\"https:\/\/fss.cat\/wp-content\/uploads\/2025\/07\/cintes-5-300x225.jpg\" alt=\"\" width=\"300\" height=\"225\" \/><\/a><\/span><\/p>\n<p style=\"background: white; margin: 6.0pt 0cm 6.0pt 0cm;\"><span style=\"font-size: 11.5pt; font-family: 'Arial','sans-serif'; color: black;\">Per tal de garantir la seguretat dels assistents, l\u2019espai dels actes ha sigut la Parr\u00f2quia, espai que oferia la capacitat i infraestructura necess\u00e0ria i que permetia mantenir la dist\u00e0ncia de seguretat. En acabar l\u2019acte, s\u2019ha demanat als assistents que seguissin mantenint les mesures de seguretat durant la sortida.<\/span><\/p>\n<p>&nbsp;<\/p>\n<p><a href=\"https:\/\/fss.cat\/wp-content\/uploads\/2025\/07\/record-santa-susanna-2020.jpg\"><img loading=\"lazy\" decoding=\"async\" class=\"aligncenter size-large wp-image-1958\" src=\"https:\/\/fss.cat\/wp-content\/uploads\/2025\/07\/record-santa-susanna-2020-1024x1024.jpg\" alt=\"\" width=\"710\" height=\"710\" \/><\/a><\/p>\n","protected":false},"excerpt":{"rendered":"<p>La celebraci\u00f3 de la diada de Santa Susanna, la patrona de les 3 fundacions Santa Susanna, ha tingut lloc el dimarts 11 d\u2019agost adaptant-se a la situaci\u00f3 actual de la pand\u00e8mia. \u00a0 Atesa la situaci\u00f3 de confinament que pateixen els residents i usuaris del sociosanitari, al mat\u00ed s\u2019han realitzat actes interns a les plantes. Mn. [&hellip;]<\/p>\n","protected":false},"author":1,"featured_media":5070,"comment_status":"closed","ping_status":"closed","sticky":false,"template":"","format":"standard","meta":{"_acf_changed":false,"footnotes":""},"categories":[],"tags":[],"class_list":["post-5064","post","type-post","status-publish","format-standard","has-post-thumbnail","hentry"],"acf":[],"_links":{"self":[{"href":"https:\/\/fss.cat\/es\/wp-json\/wp\/v2\/posts\/5064","targetHints":{"allow":["GET"]}}],"collection":[{"href":"https:\/\/fss.cat\/es\/wp-json\/wp\/v2\/posts"}],"about":[{"href":"https:\/\/fss.cat\/es\/wp-json\/wp\/v2\/types\/post"}],"author":[{"embeddable":true,"href":"https:\/\/fss.cat\/es\/wp-json\/wp\/v2\/users\/1"}],"replies":[{"embeddable":true,"href":"https:\/\/fss.cat\/es\/wp-json\/wp\/v2\/comments?post=5064"}],"version-history":[{"count":0,"href":"https:\/\/fss.cat\/es\/wp-json\/wp\/v2\/posts\/5064\/revisions"}],"wp:featuredmedia":[{"embeddable":true,"href":"https:\/\/fss.cat\/es\/wp-json\/wp\/v2\/media\/5070"}],"wp:attachment":[{"href":"https:\/\/fss.cat\/es\/wp-json\/wp\/v2\/media?parent=5064"}],"wp:term":[{"taxonomy":"category","embeddable":true,"href":"https:\/\/fss.cat\/es\/wp-json\/wp\/v2\/categories?post=5064"},{"taxonomy":"post_tag","embeddable":true,"href":"https:\/\/fss.cat\/es\/wp-json\/wp\/v2\/tags?post=5064"}],"curies":[{"name":"wp","href":"https:\/\/api.w.org\/{rel}","templated":true}]}}