{"id":5062,"date":"2020-07-20T10:50:39","date_gmt":"2020-07-20T10:50:39","guid":{"rendered":"https:\/\/resi.prova.cat\/diada-de-santa-susanna-i-acte-en-record-dels-difunts\/"},"modified":"2020-07-20T10:50:39","modified_gmt":"2020-07-20T10:50:39","slug":"diada-de-santa-susanna-i-acte-en-record-dels-difunts","status":"publish","type":"post","link":"https:\/\/fss.cat\/es\/diada-de-santa-susanna-i-acte-en-record-dels-difunts\/","title":{"rendered":"Diada de Santa Susanna i acte en record dels difunts"},"content":{"rendered":"<p>El dimarts\u00a0<strong>11 d&#8217;agost\u00a0<\/strong>celebrarem la\u00a0diada de Santa Susanna, tot i que enguany hem de modificar el programa.<\/p>\n<p>Durant el mat\u00ed es realitzaran actes interns, a cada planta, adre\u00e7ats als residents i usuaris del sociosanitari,<\/p>\n<p>&nbsp;<\/p>\n<p>A les 18.00 a la Parr\u00f2quia de Santa Maria se celebrar\u00e0 l\u2019eucaristia i, tot seguit, tindr\u00e0 lloc l\u2019acte en record de les persones que ens han deixat durant l\u2019estat d\u2019alarma i de les quals no ens hem pogut acomiadar com ens hagu\u00e9s agradat.<\/p>\n<p>Els parlaments es realitzaran a les 18.45 a la Parr\u00f2quia, espai que ens ofereix la infraestructura necess\u00e0ria i ens permet garantir les mesures de seguretat, i es finalitzar\u00e0 a l\u2019entrada del carrer Sentmenat 6.<\/p>\n","protected":false},"excerpt":{"rendered":"<p>El dimarts\u00a011 d&#8217;agost\u00a0celebrarem la\u00a0diada de Santa Susanna, tot i que enguany hem de modificar el programa. Durant el mat\u00ed es realitzaran actes interns, a cada planta, adre\u00e7ats als residents i usuaris del sociosanitari, &nbsp; A les 18.00 a la Parr\u00f2quia de Santa Maria se celebrar\u00e0 l\u2019eucaristia i, tot seguit, tindr\u00e0 lloc l\u2019acte en record de [&hellip;]<\/p>\n","protected":false},"author":1,"featured_media":5063,"comment_status":"closed","ping_status":"closed","sticky":false,"template":"","format":"standard","meta":{"_acf_changed":false,"footnotes":""},"categories":[],"tags":[],"class_list":["post-5062","post","type-post","status-publish","format-standard","has-post-thumbnail","hentry"],"acf":[],"_links":{"self":[{"href":"https:\/\/fss.cat\/es\/wp-json\/wp\/v2\/posts\/5062","targetHints":{"allow":["GET"]}}],"collection":[{"href":"https:\/\/fss.cat\/es\/wp-json\/wp\/v2\/posts"}],"about":[{"href":"https:\/\/fss.cat\/es\/wp-json\/wp\/v2\/types\/post"}],"author":[{"embeddable":true,"href":"https:\/\/fss.cat\/es\/wp-json\/wp\/v2\/users\/1"}],"replies":[{"embeddable":true,"href":"https:\/\/fss.cat\/es\/wp-json\/wp\/v2\/comments?post=5062"}],"version-history":[{"count":0,"href":"https:\/\/fss.cat\/es\/wp-json\/wp\/v2\/posts\/5062\/revisions"}],"wp:featuredmedia":[{"embeddable":true,"href":"https:\/\/fss.cat\/es\/wp-json\/wp\/v2\/media\/5063"}],"wp:attachment":[{"href":"https:\/\/fss.cat\/es\/wp-json\/wp\/v2\/media?parent=5062"}],"wp:term":[{"taxonomy":"category","embeddable":true,"href":"https:\/\/fss.cat\/es\/wp-json\/wp\/v2\/categories?post=5062"},{"taxonomy":"post_tag","embeddable":true,"href":"https:\/\/fss.cat\/es\/wp-json\/wp\/v2\/tags?post=5062"}],"curies":[{"name":"wp","href":"https:\/\/api.w.org\/{rel}","templated":true}]}}