{"id":5055,"date":"2020-07-09T08:36:12","date_gmt":"2020-07-09T08:36:12","guid":{"rendered":"https:\/\/resi.prova.cat\/represa-de-la-normalitat-en-lambit-residencial\/"},"modified":"2020-07-09T08:36:12","modified_gmt":"2020-07-09T08:36:12","slug":"represa-de-la-normalitat-en-lambit-residencial","status":"publish","type":"post","link":"https:\/\/fss.cat\/es\/represa-de-la-normalitat-en-lambit-residencial\/","title":{"rendered":"Represa de la normalitat en l\u2019\u00e0mbit residencial"},"content":{"rendered":"<p style=\"font-weight: 400;\">La Fundaci\u00f3 d\u2019Acollida Santa Susanna<strong>\u00a0est\u00e0 adaptant la seva din\u00e0mica a unes mesures de m\u00e0xima prevenci\u00f3 per evitar contagis en una poblaci\u00f3 molt vulnerable<\/strong>\u00a0i, al mateix temps, per cobrir amb m\u00e0xima seguretat les necessitats de les persones que hi van a veure els seus familiars i amics, davant la situaci\u00f3 pand\u00e8mica causada pel coronavirus SARS-CoV-2 i amb l\u2019objectiu de poder donar les millors cures a les persones que viuen a la resid\u00e8ncia.<\/p>\n<p>&nbsp;<\/p>\n<p style=\"font-weight: 400;\">Habilitar les visites t\u00e9 com a objectiu donar suport emocional, per\u00f2<strong>\u00a0cal minimitzar al m\u00e0xim els riscos que implica l\u2019entrada de persones alienes a la instituci\u00f3 i possibles vectors de contagis.<\/strong><\/p>\n<p>&nbsp;<\/p>\n<p style=\"font-weight: 400;\">Informem de les mesures del document \u201cRepresa de la normalitat en l\u2019\u00e0mbit residencial\u201d del Departament de Salut de la Generalitat de Catalunya. La\u00a0<strong>corresponsabilitat amb les fam\u00edlies \u00e9s compartida, per garantir la seguretat del resident mateix i de tota la comunitat convivent<\/strong>.<\/p>\n<p>&nbsp;<\/p>\n<p><a href=\"https:\/\/www.fss.cat\/wp-content\/uploads\/2020\/07\/RECOMANACIONS-SOBRE-LES-VISITES-DE-FAMILIARS-A-LA-RESID\u00c8NCIA.pdf\">Recomanacions sobre les visites de familiars<\/a><\/p>\n","protected":false},"excerpt":{"rendered":"<p>La Fundaci\u00f3 d\u2019Acollida Santa Susanna\u00a0est\u00e0 adaptant la seva din\u00e0mica a unes mesures de m\u00e0xima prevenci\u00f3 per evitar contagis en una poblaci\u00f3 molt vulnerable\u00a0i, al mateix temps, per cobrir amb m\u00e0xima seguretat les necessitats de les persones que hi van a veure els seus familiars i amics, davant la situaci\u00f3 pand\u00e8mica causada pel coronavirus SARS-CoV-2 i [&hellip;]<\/p>\n","protected":false},"author":1,"featured_media":5056,"comment_status":"closed","ping_status":"closed","sticky":false,"template":"","format":"standard","meta":{"_acf_changed":false,"footnotes":""},"categories":[],"tags":[],"class_list":["post-5055","post","type-post","status-publish","format-standard","has-post-thumbnail","hentry"],"acf":[],"_links":{"self":[{"href":"https:\/\/fss.cat\/es\/wp-json\/wp\/v2\/posts\/5055","targetHints":{"allow":["GET"]}}],"collection":[{"href":"https:\/\/fss.cat\/es\/wp-json\/wp\/v2\/posts"}],"about":[{"href":"https:\/\/fss.cat\/es\/wp-json\/wp\/v2\/types\/post"}],"author":[{"embeddable":true,"href":"https:\/\/fss.cat\/es\/wp-json\/wp\/v2\/users\/1"}],"replies":[{"embeddable":true,"href":"https:\/\/fss.cat\/es\/wp-json\/wp\/v2\/comments?post=5055"}],"version-history":[{"count":0,"href":"https:\/\/fss.cat\/es\/wp-json\/wp\/v2\/posts\/5055\/revisions"}],"wp:featuredmedia":[{"embeddable":true,"href":"https:\/\/fss.cat\/es\/wp-json\/wp\/v2\/media\/5056"}],"wp:attachment":[{"href":"https:\/\/fss.cat\/es\/wp-json\/wp\/v2\/media?parent=5055"}],"wp:term":[{"taxonomy":"category","embeddable":true,"href":"https:\/\/fss.cat\/es\/wp-json\/wp\/v2\/categories?post=5055"},{"taxonomy":"post_tag","embeddable":true,"href":"https:\/\/fss.cat\/es\/wp-json\/wp\/v2\/tags?post=5055"}],"curies":[{"name":"wp","href":"https:\/\/api.w.org\/{rel}","templated":true}]}}