{"id":5051,"date":"2020-07-08T16:54:57","date_gmt":"2020-07-08T16:54:57","guid":{"rendered":"https:\/\/resi.prova.cat\/les-residencies-al-parlament\/"},"modified":"2025-07-09T10:37:33","modified_gmt":"2025-07-09T10:37:33","slug":"les-residencies-al-parlament","status":"publish","type":"post","link":"https:\/\/fss.cat\/es\/les-residencies-al-parlament\/","title":{"rendered":"Les resid\u00e8ncies al Parlament"},"content":{"rendered":"<div>Amb motiu del Debat general sobre la gesti\u00f3 de les resid\u00e8ncies per a gent gran del Parlament de Catalunya el 7 de juliol, la FEATE (Federaci\u00f3 d&#8217;Entitats d&#8217;Assist\u00e8ncia a la Tercera Edat sense \u00e0nim de lucre), havia sol\u00b7licitat participar-hi.<\/div>\n<div><\/div>\n<div><\/div>\n<div>Els grups parlamentaris havien convidat a intervenir-hi a la Sra. Assumpci\u00f3 Ros, vicepresidenta de la FEATE i gerent de la Fundaci\u00f3 Santa Susanna. I, tot i que la intervenci\u00f3 estava prevista el mateix\u00a0dia 7 a les 15.00h, no es\u00a0va realitzar.<\/div>\n<div><a href=\"https:\/\/fss.cat\/wp-content\/uploads\/2025\/07\/parlament.jpg\"><img fetchpriority=\"high\" decoding=\"async\" class=\"aligncenter wp-image-1925 \" src=\"https:\/\/fss.cat\/wp-content\/uploads\/2025\/07\/parlament-249x300.jpg\" alt=\"\" width=\"249\" height=\"300\" \/><\/a><\/div>\n<div><\/div>\n<div>Finalment, FEATE ha estat convidada a formar part de la comissi\u00f3 d&#8217;investigaci\u00f3 sobre la gesti\u00f3 de les resid\u00e8ncies per a gent gran.<\/div>\n<div><\/div>\n<div><\/div>\n<div><\/div>\n<div>Tot i aix\u00ed, alguns mitjans de comunicaci\u00f3 s&#8217;han fet ress\u00f2 de la veu de la FEATE:<\/div>\n<ul>\n<li><a href=\"https:\/\/www.ccma.cat\/catradio\/alacarta\/catalunya-nit\/la-federacio-dentitats-datencio-a-la-gent-gran-demana-que-se-superi-la-crisi-de-reputacio\/audio\/1075079\/\" target=\"_blank\" rel=\"noopener noreferrer\" data-saferedirecturl=\"https:\/\/www.google.com\/url?q=https:\/\/www.ccma.cat\/catradio\/alacarta\/catalunya-nit\/la-federacio-dentitats-datencio-a-la-gent-gran-demana-que-se-superi-la-crisi-de-reputacio\/audio\/1075079\/&amp;source=gmail&amp;ust=1594313239044000&amp;usg=AFQjCNE0PMXG8SHcEnAZXgww0cE_xvu6og\">TV3<\/a><\/li>\n<li><a href=\"https:\/\/www.lavanguardia.com\/vida\/20200707\/482163768636\/residencias-covid19-covid-19-salut-homrani-verges.html\" target=\"_blank\" rel=\"noopener noreferrer\" data-saferedirecturl=\"https:\/\/www.google.com\/url?q=https:\/\/www.lavanguardia.com\/vida\/20200707\/482163768636\/residencias-covid19-covid-19-salut-homrani-verges.html&amp;source=gmail&amp;ust=1594313239044000&amp;usg=AFQjCNHOQbHodQv87zDWUtEGc3p_vDg6DQ\">La Vanguardia<\/a><\/li>\n<li><a href=\"https:\/\/www.elperiodico.com\/es\/politica\/20200707\/parlament-pleno-gestion-residencias-8028996\" target=\"_blank\" rel=\"noopener noreferrer\" data-saferedirecturl=\"https:\/\/www.google.com\/url?q=https:\/\/www.elperiodico.com\/es\/politica\/20200707\/parlament-pleno-gestion-residencias-8028996&amp;source=gmail&amp;ust=1594313239044000&amp;usg=AFQjCNG3SmySxxZYeXP1l7JLZDAE3a6kXA\">El Peri\u00f3dico<\/a><\/li>\n<li><a href=\"https:\/\/www.ara.cat\/societat\/coronavirus-covid-19-ple-monografic-parlament-residencies-gent-gran_0_2485551542.html\" target=\"_blank\" rel=\"noopener noreferrer\" data-saferedirecturl=\"https:\/\/www.google.com\/url?q=https:\/\/www.ara.cat\/societat\/coronavirus-covid-19-ple-monografic-parlament-residencies-gent-gran_0_2485551542.html&amp;source=gmail&amp;ust=1594313239044000&amp;usg=AFQjCNGnEqSkpEZtGmPE_2CaDDpdnZ0Fcw\">Diari Ara<\/a><\/li>\n<li><a href=\"https:\/\/www.ccma.cat\/catradio\/alacarta\/catalunya-nit\/la-federacio-dentitats-datencio-a-la-gent-gran-demana-que-se-superi-la-crisi-de-reputacio\/audio\/1075079\/\" target=\"_blank\" rel=\"noopener noreferrer\" data-saferedirecturl=\"https:\/\/www.google.com\/url?q=https:\/\/www.ccma.cat\/catradio\/alacarta\/catalunya-nit\/la-federacio-dentitats-datencio-a-la-gent-gran-demana-que-se-superi-la-crisi-de-reputacio\/audio\/1075079\/&amp;source=gmail&amp;ust=1594313239044000&amp;usg=AFQjCNE0PMXG8SHcEnAZXgww0cE_xvu6og\">Catalunya R\u00e0dio<\/a><\/li>\n<li><a href=\"https:\/\/cadenaser.com\/emisora\/2020\/07\/08\/sercat\/1594190131_533392.html\" target=\"_blank\" rel=\"noopener noreferrer\" data-saferedirecturl=\"https:\/\/www.google.com\/url?q=https:\/\/cadenaser.com\/emisora\/2020\/07\/08\/sercat\/1594190131_533392.html&amp;source=gmail&amp;ust=1594313239044000&amp;usg=AFQjCNFFdJFuI3S7Jjv5p3G31fwEr8rg7Q\">Ser Catalunya<\/a><\/li>\n<\/ul>\n","protected":false},"excerpt":{"rendered":"<p>Amb motiu del Debat general sobre la gesti\u00f3 de les resid\u00e8ncies per a gent gran del Parlament de Catalunya el 7 de juliol, la FEATE (Federaci\u00f3 d&#8217;Entitats d&#8217;Assist\u00e8ncia a la Tercera Edat sense \u00e0nim de lucre), havia sol\u00b7licitat participar-hi. Els grups parlamentaris havien convidat a intervenir-hi a la Sra. Assumpci\u00f3 Ros, vicepresidenta de la FEATE [&hellip;]<\/p>\n","protected":false},"author":1,"featured_media":5054,"comment_status":"closed","ping_status":"closed","sticky":false,"template":"","format":"standard","meta":{"_acf_changed":false,"footnotes":""},"categories":[],"tags":[],"class_list":["post-5051","post","type-post","status-publish","format-standard","has-post-thumbnail","hentry"],"acf":[],"_links":{"self":[{"href":"https:\/\/fss.cat\/es\/wp-json\/wp\/v2\/posts\/5051","targetHints":{"allow":["GET"]}}],"collection":[{"href":"https:\/\/fss.cat\/es\/wp-json\/wp\/v2\/posts"}],"about":[{"href":"https:\/\/fss.cat\/es\/wp-json\/wp\/v2\/types\/post"}],"author":[{"embeddable":true,"href":"https:\/\/fss.cat\/es\/wp-json\/wp\/v2\/users\/1"}],"replies":[{"embeddable":true,"href":"https:\/\/fss.cat\/es\/wp-json\/wp\/v2\/comments?post=5051"}],"version-history":[{"count":0,"href":"https:\/\/fss.cat\/es\/wp-json\/wp\/v2\/posts\/5051\/revisions"}],"wp:featuredmedia":[{"embeddable":true,"href":"https:\/\/fss.cat\/es\/wp-json\/wp\/v2\/media\/5054"}],"wp:attachment":[{"href":"https:\/\/fss.cat\/es\/wp-json\/wp\/v2\/media?parent=5051"}],"wp:term":[{"taxonomy":"category","embeddable":true,"href":"https:\/\/fss.cat\/es\/wp-json\/wp\/v2\/categories?post=5051"},{"taxonomy":"post_tag","embeddable":true,"href":"https:\/\/fss.cat\/es\/wp-json\/wp\/v2\/tags?post=5051"}],"curies":[{"name":"wp","href":"https:\/\/api.w.org\/{rel}","templated":true}]}}