{"id":5050,"date":"2020-07-02T08:40:27","date_gmt":"2020-07-02T08:40:27","guid":{"rendered":"https:\/\/resi.prova.cat\/acte-de-record-pels-difunts\/"},"modified":"2020-07-02T08:40:27","modified_gmt":"2020-07-02T08:40:27","slug":"acte-de-record-pels-difunts","status":"publish","type":"post","link":"https:\/\/fss.cat\/es\/acte-de-record-pels-difunts\/","title":{"rendered":"Acte de record als difunts"},"content":{"rendered":"<p>El dia <strong>11 d&#8217;agost, diada de Santa Susanna, a les 18.45<\/strong>, tindr\u00e0 lloc l&#8217;acte de record per totes les persones que ens han deixat durant l&#8217;estat l&#8217;alarma i el confinament,\u00a0de les quals no ens hem pogut acomiadar com ens hagu\u00e9s agradat.<\/p>\n<p>Ser\u00e0 una ocasi\u00f3 per retrobar-nos, saludar-nos i compartir les experi\u00e8ncies viscudes, confiant que aquesta trobada col\u00b7labori a elaborar el proc\u00e9s de dol.<\/p>\n<p>L&#8217;acte estar\u00e0 organitzat per les tres fundacions Santa Susanna.<\/p>\n<p>&nbsp;<\/p>\n<p>&nbsp;<\/p>\n","protected":false},"excerpt":{"rendered":"<p>El dia 11 d&#8217;agost, diada de Santa Susanna, a les 18.45, tindr\u00e0 lloc l&#8217;acte de record per totes les persones que ens han deixat durant l&#8217;estat l&#8217;alarma i el confinament,\u00a0de les quals no ens hem pogut acomiadar com ens hagu\u00e9s agradat. Ser\u00e0 una ocasi\u00f3 per retrobar-nos, saludar-nos i compartir les experi\u00e8ncies viscudes, confiant que aquesta [&hellip;]<\/p>\n","protected":false},"author":1,"featured_media":5014,"comment_status":"closed","ping_status":"closed","sticky":false,"template":"","format":"standard","meta":{"_acf_changed":false,"footnotes":""},"categories":[],"tags":[],"class_list":["post-5050","post","type-post","status-publish","format-standard","has-post-thumbnail","hentry"],"acf":[],"_links":{"self":[{"href":"https:\/\/fss.cat\/es\/wp-json\/wp\/v2\/posts\/5050","targetHints":{"allow":["GET"]}}],"collection":[{"href":"https:\/\/fss.cat\/es\/wp-json\/wp\/v2\/posts"}],"about":[{"href":"https:\/\/fss.cat\/es\/wp-json\/wp\/v2\/types\/post"}],"author":[{"embeddable":true,"href":"https:\/\/fss.cat\/es\/wp-json\/wp\/v2\/users\/1"}],"replies":[{"embeddable":true,"href":"https:\/\/fss.cat\/es\/wp-json\/wp\/v2\/comments?post=5050"}],"version-history":[{"count":0,"href":"https:\/\/fss.cat\/es\/wp-json\/wp\/v2\/posts\/5050\/revisions"}],"wp:featuredmedia":[{"embeddable":true,"href":"https:\/\/fss.cat\/es\/wp-json\/wp\/v2\/media\/5014"}],"wp:attachment":[{"href":"https:\/\/fss.cat\/es\/wp-json\/wp\/v2\/media?parent=5050"}],"wp:term":[{"taxonomy":"category","embeddable":true,"href":"https:\/\/fss.cat\/es\/wp-json\/wp\/v2\/categories?post=5050"},{"taxonomy":"post_tag","embeddable":true,"href":"https:\/\/fss.cat\/es\/wp-json\/wp\/v2\/tags?post=5050"}],"curies":[{"name":"wp","href":"https:\/\/api.w.org\/{rel}","templated":true}]}}