{"id":5046,"date":"2020-06-30T11:17:40","date_gmt":"2020-06-30T11:17:40","guid":{"rendered":"https:\/\/resi.prova.cat\/una-planta-de-residencia-buida\/"},"modified":"2020-06-30T11:17:40","modified_gmt":"2020-06-30T11:17:40","slug":"una-planta-de-residencia-buida","status":"publish","type":"post","link":"https:\/\/fss.cat\/es\/una-planta-de-residencia-buida\/","title":{"rendered":"Una planta de resid\u00e8ncia buida"},"content":{"rendered":"<div>La Fundaci\u00f3 d&#8217;Acollida Santa Susanna continua amb una planta de <strong>resid\u00e8ncia<\/strong> buida, situaci\u00f3 que es preveu que durar\u00e0 uns mesos. A partir de l&#8217;1 de juliol ser\u00e0 la planta 10 que restar\u00e0 tancada.<span class=\"im\"><br \/>\n<\/span><\/p>\n<div><\/div>\n<div>Avui es realitzen nous canvis d&#8217;habitacions de les persones residents despr\u00e9s dels canvis for\u00e7ats per l&#8217;aparici\u00f3 del virus el passat mes mar\u00e7, tot i que des del 15 de maig \u00e9s \u00abresid\u00e8ncia verda\u00bb i lliure de Covid-19.<\/div>\n<\/div>\n<div><\/div>\n<div><\/div>\n<div>\n<div>D&#8217;altra banda, els <strong>serveis di\u00fcrns<\/strong> i el <strong>centre de dia<\/strong> continuen aturats despr\u00e9s de la declaraci\u00f3 de l&#8217;estat d&#8217;alarma. Des de la Fundaci\u00f3 s&#8217;est\u00e0 treballant per poder reobrir\u00a0el centre de dia, tot i que es preveu que nom\u00e9s es podr\u00e0 oferir el 25% d&#8217;ocupaci\u00f3 per l&#8217;aplicaci\u00f3 de les mesures preventives i de seguretat.<\/div>\n<\/div>\n","protected":false},"excerpt":{"rendered":"<p>La Fundaci\u00f3 d&#8217;Acollida Santa Susanna continua amb una planta de resid\u00e8ncia buida, situaci\u00f3 que es preveu que durar\u00e0 uns mesos. A partir de l&#8217;1 de juliol ser\u00e0 la planta 10 que restar\u00e0 tancada. Avui es realitzen nous canvis d&#8217;habitacions de les persones residents despr\u00e9s dels canvis for\u00e7ats per l&#8217;aparici\u00f3 del virus el passat mes mar\u00e7, [&hellip;]<\/p>\n","protected":false},"author":1,"featured_media":5047,"comment_status":"closed","ping_status":"closed","sticky":false,"template":"","format":"standard","meta":{"_acf_changed":false,"footnotes":""},"categories":[],"tags":[],"class_list":["post-5046","post","type-post","status-publish","format-standard","has-post-thumbnail","hentry"],"acf":[],"_links":{"self":[{"href":"https:\/\/fss.cat\/es\/wp-json\/wp\/v2\/posts\/5046","targetHints":{"allow":["GET"]}}],"collection":[{"href":"https:\/\/fss.cat\/es\/wp-json\/wp\/v2\/posts"}],"about":[{"href":"https:\/\/fss.cat\/es\/wp-json\/wp\/v2\/types\/post"}],"author":[{"embeddable":true,"href":"https:\/\/fss.cat\/es\/wp-json\/wp\/v2\/users\/1"}],"replies":[{"embeddable":true,"href":"https:\/\/fss.cat\/es\/wp-json\/wp\/v2\/comments?post=5046"}],"version-history":[{"count":0,"href":"https:\/\/fss.cat\/es\/wp-json\/wp\/v2\/posts\/5046\/revisions"}],"wp:featuredmedia":[{"embeddable":true,"href":"https:\/\/fss.cat\/es\/wp-json\/wp\/v2\/media\/5047"}],"wp:attachment":[{"href":"https:\/\/fss.cat\/es\/wp-json\/wp\/v2\/media?parent=5046"}],"wp:term":[{"taxonomy":"category","embeddable":true,"href":"https:\/\/fss.cat\/es\/wp-json\/wp\/v2\/categories?post=5046"},{"taxonomy":"post_tag","embeddable":true,"href":"https:\/\/fss.cat\/es\/wp-json\/wp\/v2\/tags?post=5046"}],"curies":[{"name":"wp","href":"https:\/\/api.w.org\/{rel}","templated":true}]}}