{"id":5044,"date":"2020-06-30T11:09:27","date_gmt":"2020-06-30T11:09:27","guid":{"rendered":"https:\/\/resi.prova.cat\/acces-a-la-fundacio-amb-vehicle\/"},"modified":"2020-06-30T11:09:27","modified_gmt":"2020-06-30T11:09:27","slug":"acces-a-la-fundacio-amb-vehicle","status":"publish","type":"post","link":"https:\/\/fss.cat\/es\/acces-a-la-fundacio-amb-vehicle\/","title":{"rendered":"Acc\u00e9s a la Fundaci\u00f3 amb vehicle"},"content":{"rendered":"<div>El passat 30 de maig, l&#8217;Ajuntament de Caldes de Montbui va implementar les mesures de la <a href=\"https:\/\/www.caldesdemontbui.cat\/ajuntament\/accio-de-govern\/nova-mobilitat.html\">\u00abNova Mobilitat\u00bb<\/a> per ampliar la zona de vianants del centre del poble i per atendre les noves necessitats del context Covid-19.<\/div>\n<div><\/div>\n<div><\/div>\n<div>Aquestes mesures afecten l&#8217;acc\u00e9s a les fundacions Santa Susanna amb vehicle:<\/div>\n<div>\n<ul>\n<li>Si es vol fer \u00fas de l&#8217;aparcament Centre &#8211; El Sindicat, poden acccedir-hi per l&#8217;avinguda Pi i Margall o carrer Montserrat, com fins ara.<\/li>\n<li>Si es vol accedir amb el vehicle fins a l&#8217;entrada del carrer Font i Boet 16 o a l&#8217;entrada del carrer Sentmenat 6, no es pot fer per l&#8217;avinguda Pi i Margall, ja que un cop arribats a la pla\u00e7a de l&#8217;\u00c0ngel no es pot girar cap al c. Asensi Vega, sin\u00f3 que cal acceidr-hi des del carrer Major (el qual ha modificat el sentit d&#8217;algun dels seus trams).<\/li>\n<\/ul>\n<div><\/div>\n<div>Per tant, els itineraris proposats per accedir amb vehicle fins a les entrades del centre s\u00f3n:<\/div>\n<\/div>\n<div>\n<ul>\n<li>c. Montserrat &#8211; c. Torras i Sayol &#8211; c. Torrent del Salze &#8211; c. Major &#8211; c. Asensi Vega &#8211; c. Font i Boet<\/li>\n<li>av. Pi i Margall &#8211; c- Escoles Pies &#8211;\u00a0 c. Torras i Sayol &#8211; c. Torrent del Salze &#8211; c. Major &#8211; c. Asensi Vega &#8211; c. Font i Boet<\/li>\n<li>pg. del Remei &#8211; c. Bigues &#8211;\u00a0 c. Torras i Sayol &#8211; c. Torrent del Salze &#8211; c. Major &#8211; c. Asensi Vega &#8211; c. Font i Boet<\/li>\n<\/ul>\n<\/div>\n<div><\/div>\n<div><\/div>\n<div>M\u00e9s informaci\u00f3 a la <a href=\"https:\/\/www.caldesdemontbui.cat\/ajuntament\/accio-de-govern\/nova-mobilitat.html\" target=\"_blank\" rel=\"noopener noreferrer\" data-saferedirecturl=\"https:\/\/www.google.com\/url?q=https:\/\/www.caldesdemontbui.cat\/ajuntament\/accio-de-govern\/nova-mobilitat.html&amp;source=gmail&amp;ust=1593601558623000&amp;usg=AFQjCNEUW3KlonxHQ0k_ir74232-Nv-OMA\">web municipal<\/a>.<\/div>\n","protected":false},"excerpt":{"rendered":"<p>El passat 30 de maig, l&#8217;Ajuntament de Caldes de Montbui va implementar les mesures de la \u00abNova Mobilitat\u00bb per ampliar la zona de vianants del centre del poble i per atendre les noves necessitats del context Covid-19. Aquestes mesures afecten l&#8217;acc\u00e9s a les fundacions Santa Susanna amb vehicle: Si es vol fer \u00fas de l&#8217;aparcament [&hellip;]<\/p>\n","protected":false},"author":1,"featured_media":5045,"comment_status":"closed","ping_status":"closed","sticky":false,"template":"","format":"standard","meta":{"_acf_changed":false,"footnotes":""},"categories":[],"tags":[],"class_list":["post-5044","post","type-post","status-publish","format-standard","has-post-thumbnail","hentry"],"acf":[],"_links":{"self":[{"href":"https:\/\/fss.cat\/es\/wp-json\/wp\/v2\/posts\/5044","targetHints":{"allow":["GET"]}}],"collection":[{"href":"https:\/\/fss.cat\/es\/wp-json\/wp\/v2\/posts"}],"about":[{"href":"https:\/\/fss.cat\/es\/wp-json\/wp\/v2\/types\/post"}],"author":[{"embeddable":true,"href":"https:\/\/fss.cat\/es\/wp-json\/wp\/v2\/users\/1"}],"replies":[{"embeddable":true,"href":"https:\/\/fss.cat\/es\/wp-json\/wp\/v2\/comments?post=5044"}],"version-history":[{"count":0,"href":"https:\/\/fss.cat\/es\/wp-json\/wp\/v2\/posts\/5044\/revisions"}],"wp:featuredmedia":[{"embeddable":true,"href":"https:\/\/fss.cat\/es\/wp-json\/wp\/v2\/media\/5045"}],"wp:attachment":[{"href":"https:\/\/fss.cat\/es\/wp-json\/wp\/v2\/media?parent=5044"}],"wp:term":[{"taxonomy":"category","embeddable":true,"href":"https:\/\/fss.cat\/es\/wp-json\/wp\/v2\/categories?post=5044"},{"taxonomy":"post_tag","embeddable":true,"href":"https:\/\/fss.cat\/es\/wp-json\/wp\/v2\/tags?post=5044"}],"curies":[{"name":"wp","href":"https:\/\/api.w.org\/{rel}","templated":true}]}}