{"id":5042,"date":"2020-06-23T11:40:40","date_gmt":"2020-06-23T11:40:40","guid":{"rendered":"https:\/\/resi.prova.cat\/recuperem-el-club-llegir-per-sanar\/"},"modified":"2020-06-23T11:40:40","modified_gmt":"2020-06-23T11:40:40","slug":"recuperem-el-club-llegir-per-sanar","status":"publish","type":"post","link":"https:\/\/fss.cat\/es\/recuperem-el-club-llegir-per-sanar\/","title":{"rendered":"Recuperem el club \u00abLlegir per sanar\u00bb"},"content":{"rendered":"<p>El club de lectura \u00abLlegir per sanar\u00bb ha repr\u00e8s la seva activitat despr\u00e9s de dotze <wbr \/>setmanes i tres sessions anul\u00b7lades. Donada la situaci\u00f3 de control epidemiol\u00f2gic i segons les normatives vigents es va fer una convocat\u00f2ria especial. Com a fil conductor aquesta vegada no hi havia un llibre sin\u00f3 la lectura d&#8217;un magn\u00edfic article <a href=\"https:\/\/fundaciostasusanna.us13.list-manage.com\/track\/click?u=9a43116f5c68fe1b8835d35cb&amp;id=c5d0e6572c&amp;e=1919a6eab7\" target=\"_blank\" rel=\"noopener noreferrer\" data-saferedirecturl=\"https:\/\/www.google.com\/url?q=https:\/\/fundaciostasusanna.us13.list-manage.com\/track\/click?u%3D9a43116f5c68fe1b8835d35cb%26id%3Dc5d0e6572c%26e%3D1919a6eab7&amp;source=gmail&amp;ust=1592998648434000&amp;usg=AFQjCNF5Hv8c6wzwkmkMeYOYFj46_gc3Yw\">\u00abEl amor\u00a0en\u00a0los\u00a0tiempos\u00a0del coronavirus\u00bb de la\u00a0Iona\u00a0Heath<\/a>.<\/p>\n<p>La Pilar Loncan, coordinadora de la sessi\u00f3, resumeix la reflexi\u00f3 del grup:<\/p>\n<p>\u00abHa estat un per\u00edode convuls, ple de situacions inesperades, desconegudes i desconcertants, en les quals ens hem vist immerses i a les que hem donat resposta de la millora forma que hem pogut, sabut i sempre amb l&#8217;esfor\u00e7, la voluntat i el sentit de comprom\u00eds amb la nostra tasca.<br \/>\n\u00c9s cert que hi ha molts dols per elaborar i aqu\u00ed s&#8217;ha d&#8217;afegir el dels professionals que han perdut els marcs de refer\u00e8ncia, han hagut de modificar les seves tasques i han viscut com el sentit d&#8217;acompanyament a la fi de la vida s&#8217;esva\u00efa entre mesures de protecci\u00f3, limitaci\u00f3 de la proximitat f\u00edsica i condicionants pels familiars.<br \/>\nLa sessi\u00f3 ha estat\u00a0molt sanadora\u00a0ja que\u00a0ha\u00a0perm\u00e8s visualitzar i compartir les emocions generades durant l&#8217;episodi de la\u00a0pand\u00e8mia.<br \/>\nEls valors de la compassi\u00f3, l&#8217;equitat,\u00a0el fet de tenir\u00a0cura dels altres, la confian\u00e7a, el respecte han estat evidenciats.<br \/>\nAra \u00e9s temps de buidar la tensi\u00f3 emocional acumulada, reflexionar amb la serenitat que ens permet l&#8217;actualitat i d&#8217;exercir la responsabilitat moral que com persones de la societat\u00a0en la qual\u00a0vivim ens sentim cridades a participar.\u00bb<\/p>\n<p>Les trobades estan organitzades pel Comit\u00e8 d\u2019\u00c8tica Assistencial del Vall\u00e8s Oriental Central (C\u00e8AVOC) amb la col\u00b7laboraci\u00f3 de la Societat Catalana de Bio\u00e8tica, la Universitat Oberta de Catalaunya i la Fundaci\u00f3 Sociosanit\u00e0ria Santa Susanna.<\/p>\n<p style=\"text-align: center;\"><strong>\u00abEntre dos cirurgians igualment competents, procuri que l\u2019operi qui hagi llegit Tx\u00e9khov\u00bb <\/strong><\/p>\n<p style=\"text-align: center;\">Simon Leys<\/p>\n","protected":false},"excerpt":{"rendered":"<p>El club de lectura \u00abLlegir per sanar\u00bb ha repr\u00e8s la seva activitat despr\u00e9s de dotze setmanes i tres sessions anul\u00b7lades. Donada la situaci\u00f3 de control epidemiol\u00f2gic i segons les normatives vigents es va fer una convocat\u00f2ria especial. Com a fil conductor aquesta vegada no hi havia un llibre sin\u00f3 la lectura d&#8217;un magn\u00edfic article \u00abEl [&hellip;]<\/p>\n","protected":false},"author":1,"featured_media":5043,"comment_status":"closed","ping_status":"closed","sticky":false,"template":"","format":"standard","meta":{"_acf_changed":false,"footnotes":""},"categories":[],"tags":[],"class_list":["post-5042","post","type-post","status-publish","format-standard","has-post-thumbnail","hentry"],"acf":[],"_links":{"self":[{"href":"https:\/\/fss.cat\/es\/wp-json\/wp\/v2\/posts\/5042","targetHints":{"allow":["GET"]}}],"collection":[{"href":"https:\/\/fss.cat\/es\/wp-json\/wp\/v2\/posts"}],"about":[{"href":"https:\/\/fss.cat\/es\/wp-json\/wp\/v2\/types\/post"}],"author":[{"embeddable":true,"href":"https:\/\/fss.cat\/es\/wp-json\/wp\/v2\/users\/1"}],"replies":[{"embeddable":true,"href":"https:\/\/fss.cat\/es\/wp-json\/wp\/v2\/comments?post=5042"}],"version-history":[{"count":0,"href":"https:\/\/fss.cat\/es\/wp-json\/wp\/v2\/posts\/5042\/revisions"}],"wp:featuredmedia":[{"embeddable":true,"href":"https:\/\/fss.cat\/es\/wp-json\/wp\/v2\/media\/5043"}],"wp:attachment":[{"href":"https:\/\/fss.cat\/es\/wp-json\/wp\/v2\/media?parent=5042"}],"wp:term":[{"taxonomy":"category","embeddable":true,"href":"https:\/\/fss.cat\/es\/wp-json\/wp\/v2\/categories?post=5042"},{"taxonomy":"post_tag","embeddable":true,"href":"https:\/\/fss.cat\/es\/wp-json\/wp\/v2\/tags?post=5042"}],"curies":[{"name":"wp","href":"https:\/\/api.w.org\/{rel}","templated":true}]}}