{"id":5038,"date":"2020-06-12T12:42:15","date_gmt":"2020-06-12T12:42:15","guid":{"rendered":"https:\/\/resi.prova.cat\/lesbarjo-56-serveis-socials-i-de-salut\/"},"modified":"2020-06-12T12:42:15","modified_gmt":"2020-06-12T12:42:15","slug":"lesbarjo-56-serveis-socials-i-de-salut","status":"publish","type":"post","link":"https:\/\/fss.cat\/es\/lesbarjo-56-serveis-socials-i-de-salut\/","title":{"rendered":"L&#8217;Esbarjo 56: Serveis socials i de salut"},"content":{"rendered":"<p>La darrera edici\u00f3 de <a href=\"https:\/\/www.fss.cat\/informacio-recomanada\/lesbarjo\/\">L\u2019Esbarjo<\/a> s\u2019anomena \u00abServeis socials i de salut\u00bb. Est\u00e0 dedicat a una de les 8 dimensions de \u201cCaldes de Montbui, Ciutat amiga de la gent gran\u201d, un projecte impulsat per l\u2019Ajuntament de Caldes de Montbui que compta amb la col\u00b7laboraci\u00f3 de la Fundaci\u00f3 Santa Susanna.<\/p>\n<p>Caldes de Montbui est\u00e0 adherida a la Xarxa global de Ciutats amigues de la gent gran des del 2016.<\/p>\n","protected":false},"excerpt":{"rendered":"<p>La darrera edici\u00f3 de L\u2019Esbarjo s\u2019anomena \u00abServeis socials i de salut\u00bb. Est\u00e0 dedicat a una de les 8 dimensions de \u201cCaldes de Montbui, Ciutat amiga de la gent gran\u201d, un projecte impulsat per l\u2019Ajuntament de Caldes de Montbui que compta amb la col\u00b7laboraci\u00f3 de la Fundaci\u00f3 Santa Susanna. Caldes de Montbui est\u00e0 adherida a la [&hellip;]<\/p>\n","protected":false},"author":1,"featured_media":5039,"comment_status":"closed","ping_status":"closed","sticky":false,"template":"","format":"standard","meta":{"_acf_changed":false,"footnotes":""},"categories":[],"tags":[],"class_list":["post-5038","post","type-post","status-publish","format-standard","has-post-thumbnail","hentry"],"acf":[],"_links":{"self":[{"href":"https:\/\/fss.cat\/es\/wp-json\/wp\/v2\/posts\/5038","targetHints":{"allow":["GET"]}}],"collection":[{"href":"https:\/\/fss.cat\/es\/wp-json\/wp\/v2\/posts"}],"about":[{"href":"https:\/\/fss.cat\/es\/wp-json\/wp\/v2\/types\/post"}],"author":[{"embeddable":true,"href":"https:\/\/fss.cat\/es\/wp-json\/wp\/v2\/users\/1"}],"replies":[{"embeddable":true,"href":"https:\/\/fss.cat\/es\/wp-json\/wp\/v2\/comments?post=5038"}],"version-history":[{"count":0,"href":"https:\/\/fss.cat\/es\/wp-json\/wp\/v2\/posts\/5038\/revisions"}],"wp:featuredmedia":[{"embeddable":true,"href":"https:\/\/fss.cat\/es\/wp-json\/wp\/v2\/media\/5039"}],"wp:attachment":[{"href":"https:\/\/fss.cat\/es\/wp-json\/wp\/v2\/media?parent=5038"}],"wp:term":[{"taxonomy":"category","embeddable":true,"href":"https:\/\/fss.cat\/es\/wp-json\/wp\/v2\/categories?post=5038"},{"taxonomy":"post_tag","embeddable":true,"href":"https:\/\/fss.cat\/es\/wp-json\/wp\/v2\/tags?post=5038"}],"curies":[{"name":"wp","href":"https:\/\/api.w.org\/{rel}","templated":true}]}}