{"id":5034,"date":"2020-05-15T13:25:10","date_gmt":"2020-05-15T13:25:10","guid":{"rendered":"https:\/\/resi.prova.cat\/residencia-verda-sense-coronavirus\/"},"modified":"2020-05-15T13:25:10","modified_gmt":"2020-05-15T13:25:10","slug":"residencia-verda-sense-coronavirus","status":"publish","type":"post","link":"https:\/\/fss.cat\/es\/residencia-verda-sense-coronavirus\/","title":{"rendered":"Resid\u00e8ncia verda: sense coronavirus"},"content":{"rendered":"<p>La Fundaci\u00f3 d\u2019Acollida Santa Susanna celebra comunicar que ja \u00e9s una \u201cresid\u00e8ncia verda\u201d lliure de casos de Covid-19 despr\u00e9s dels resultats dels segons tests PCR realitzats als residents.<\/p>\n<p>Els membres de l\u2019organitzaci\u00f3 Open Arms van realitzar el 13 de maig les proves als 22 residents que havien sortit positius al test fet a l\u2019abril, aix\u00ed com als residents que tot i haver donat negatiu, havien estat en contacte amb algun cas positiu.<\/p>\n<p>La Fundaci\u00f3 continua, en aquesta nova fase, aplicant mesures de seguretat i prevenci\u00f3 per protegir la salut de les persones usu\u00e0ries. S\u2019han modificat els circuits de bugaderia i de cuina, i s\u2019han realitzat sessions formatives amb els equips de treballadors\/es per donar a con\u00e8ixer els canvis organitzatius. I es mant\u00e9 el suport de la Fundaci\u00f3 Sociosanit\u00e0ria Santa Susanna per refor\u00e7ar l\u2019atenci\u00f3 assistencial i la coordinaci\u00f3 amb el CAP del municipi.<\/p>\n<p>&nbsp;<\/p>\n<p>Tanmateix, la Fundaci\u00f3 d\u2019Acollida Santa Susanna vol transmetre de nou el condol m\u00e9s sincer a les fam\u00edlies i amistats que han patit la p\u00e8rdua d\u2019un \u00e9sser estimat per coronavirus o altres motius.<\/p>\n<p>Les tres fundacions Santa Susanna organitzaran, quan la situaci\u00f3 ho permeti, una cerim\u00f2nia de comiat per recordar totes les persones que ens han deixat durant aquests dos mesos.<\/p>\n","protected":false},"excerpt":{"rendered":"<p>La Fundaci\u00f3 d\u2019Acollida Santa Susanna celebra comunicar que ja \u00e9s una \u201cresid\u00e8ncia verda\u201d lliure de casos de Covid-19 despr\u00e9s dels resultats dels segons tests PCR realitzats als residents. Els membres de l\u2019organitzaci\u00f3 Open Arms van realitzar el 13 de maig les proves als 22 residents que havien sortit positius al test fet a l\u2019abril, aix\u00ed [&hellip;]<\/p>\n","protected":false},"author":1,"featured_media":5035,"comment_status":"closed","ping_status":"closed","sticky":false,"template":"","format":"standard","meta":{"_acf_changed":false,"footnotes":""},"categories":[],"tags":[],"class_list":["post-5034","post","type-post","status-publish","format-standard","has-post-thumbnail","hentry"],"acf":[],"_links":{"self":[{"href":"https:\/\/fss.cat\/es\/wp-json\/wp\/v2\/posts\/5034","targetHints":{"allow":["GET"]}}],"collection":[{"href":"https:\/\/fss.cat\/es\/wp-json\/wp\/v2\/posts"}],"about":[{"href":"https:\/\/fss.cat\/es\/wp-json\/wp\/v2\/types\/post"}],"author":[{"embeddable":true,"href":"https:\/\/fss.cat\/es\/wp-json\/wp\/v2\/users\/1"}],"replies":[{"embeddable":true,"href":"https:\/\/fss.cat\/es\/wp-json\/wp\/v2\/comments?post=5034"}],"version-history":[{"count":0,"href":"https:\/\/fss.cat\/es\/wp-json\/wp\/v2\/posts\/5034\/revisions"}],"wp:featuredmedia":[{"embeddable":true,"href":"https:\/\/fss.cat\/es\/wp-json\/wp\/v2\/media\/5035"}],"wp:attachment":[{"href":"https:\/\/fss.cat\/es\/wp-json\/wp\/v2\/media?parent=5034"}],"wp:term":[{"taxonomy":"category","embeddable":true,"href":"https:\/\/fss.cat\/es\/wp-json\/wp\/v2\/categories?post=5034"},{"taxonomy":"post_tag","embeddable":true,"href":"https:\/\/fss.cat\/es\/wp-json\/wp\/v2\/tags?post=5034"}],"curies":[{"name":"wp","href":"https:\/\/api.w.org\/{rel}","templated":true}]}}