{"id":5028,"date":"2020-05-04T17:40:48","date_gmt":"2020-05-04T17:40:48","guid":{"rendered":"https:\/\/resi.prova.cat\/ajudans-a-superar-el-coronavirus\/"},"modified":"2025-07-09T10:37:07","modified_gmt":"2025-07-09T10:37:07","slug":"ajudans-a-superar-el-coronavirus","status":"publish","type":"post","link":"https:\/\/fss.cat\/es\/ajudans-a-superar-el-coronavirus\/","title":{"rendered":"Ajuda&#8217;ns a superar el coronavirus"},"content":{"rendered":"<p><strong>Tot i la pand\u00e8mia del Covid-19, les fundacions Santa Susanna han continuat la seva tasca atenent a les persones en situaci\u00f3 d\u2019envelliment i de malaltia<\/strong>, adaptant-se a la nova situaci\u00f3 augmentant el servei d\u2019atenci\u00f3 domicili\u00e0ria i les mesures de seguretat per als seus treballadors\/es i usuaris\/es.<\/p>\n<p>A causa de les mesures preses amb motiu de l\u2019estat d\u2019alarma, <strong>alguns dels serveis que es prestaven, i que eren una font d\u2019ingressos per a les fundacions, han quedat interromputs<\/strong>. Aquest \u00e9s el cas del servei de transport, el centre de dia, l\u2019hospital de dia, els serveis di\u00fcrns o les activitats adre\u00e7ades a la gent gran com la gimn\u00e0stica suau.<\/p>\n<p>Al mateix temps, mentre disminueixen els ingressos pels serveis no prestats, augmenta la despesa en el refor\u00e7 del personal i en equips de protecci\u00f3. La Fundaci\u00f3 Santa Susanna calcula que la situaci\u00f3 de pand\u00e8mia suposa una<strong> p\u00e8rdua de 45.000 \u20ac mensuals<\/strong>.<\/p>\n<p>La Fundaci\u00f3 Santa Susanna confia en la solidaritat de la poblaci\u00f3 que, al llarg dels m\u00e9s de sis segles d\u2019hist\u00f2ria, tantes vegades ha demostrat la seva estima i suport.<\/p>\n<p><strong>Totes les aportacions s\u00f3n imprescindibles per continuar la nostra tasca iniciada el 1386!<\/strong><\/p>\n<div>\n<p><span style=\"color: #dec000;\"><strong>Com pots col\u00b7laborar?<\/strong><\/span><\/p>\n<\/div>\n<div>&#8211; Amb una<strong> aportaci\u00f3 solid\u00e0ria <\/strong>a <a href=\"https:\/\/www.migranodearena.org\/reto\/21896\/ajudans-a-superar-el-coronavirus\"><strong>www.migranodearena.org\/reto\/21896\/ajudans-a-superar-el-coronavirus<\/strong><\/a><br \/>\n&#8211; Fent <strong>difusi\u00f3 <\/strong>d&#8217;aquesta campanya perqu\u00e8 altres persones puguin participar-hi.<\/div>\n<div><\/div>\n<div><\/div>\n<div><iframe src=\"https:\/\/www.youtube.com\/embed\/A0Nueeuufo0\" width=\"560\" height=\"315\" frameborder=\"0\" allowfullscreen=\"allowfullscreen\"><\/iframe><\/div>\n<div><\/div>\n<div>\n<p>&nbsp;<\/p>\n<p><span style=\"color: #dec000;\"><strong>Participem al Giving Tuesday Now<\/strong><\/span><\/p>\n<\/div>\n<div>\n<p><strong><a href=\"http:\/\/givingtuesday.cat\/givingtuesdaynow\/\" target=\"_blank\" rel=\"noopener noreferrer\" data-cke-saved-href=\"http:\/\/givingtuesday.cat\/givingtuesdaynow\/\">#GivingTuesdayNow<\/a> <\/strong>\u00e9s l&#8217;edici\u00f3 especial organitzada per #GivingTuesday, el moviment global de solidaritat que fomenta la cultura de la col\u00b7laboraci\u00f3 a trav\u00e9s de donacions diferents causes socials.<\/p>\n<\/div>\n<div><\/div>\n<div style=\"text-align: center;\"><strong><span style=\"color: #dec000;\">Gr\u00e0cies per la teva col\u00b7laboraci\u00f3! <\/span><\/strong><\/div>\n<div style=\"text-align: center;\">\n<p><strong><span style=\"color: #dec000;\">Junts, ens en sortirem!<\/span><\/strong><\/p>\n<p><strong>#SomSantaSusanna<\/strong><\/p>\n<\/div>\n<div><\/div>\n<div><a href=\"https:\/\/fss.cat\/wp-content\/uploads\/2025\/07\/Ajudans-a-superar-el-coronavirus-1.jpg\"><img fetchpriority=\"high\" decoding=\"async\" class=\"aligncenter size-full wp-image-1855\" src=\"https:\/\/fss.cat\/wp-content\/uploads\/2025\/07\/Ajudans-a-superar-el-coronavirus-1.jpg\" alt=\"\" width=\"540\" height=\"536\" \/><\/a><\/div>\n","protected":false},"excerpt":{"rendered":"<p>Tot i la pand\u00e8mia del Covid-19, les fundacions Santa Susanna han continuat la seva tasca atenent a les persones en situaci\u00f3 d\u2019envelliment i de malaltia, adaptant-se a la nova situaci\u00f3 augmentant el servei d\u2019atenci\u00f3 domicili\u00e0ria i les mesures de seguretat per als seus treballadors\/es i usuaris\/es. A causa de les mesures preses amb motiu de [&hellip;]<\/p>\n","protected":false},"author":1,"featured_media":5031,"comment_status":"closed","ping_status":"closed","sticky":false,"template":"","format":"standard","meta":{"_acf_changed":false,"footnotes":""},"categories":[],"tags":[],"class_list":["post-5028","post","type-post","status-publish","format-standard","has-post-thumbnail","hentry"],"acf":[],"_links":{"self":[{"href":"https:\/\/fss.cat\/es\/wp-json\/wp\/v2\/posts\/5028","targetHints":{"allow":["GET"]}}],"collection":[{"href":"https:\/\/fss.cat\/es\/wp-json\/wp\/v2\/posts"}],"about":[{"href":"https:\/\/fss.cat\/es\/wp-json\/wp\/v2\/types\/post"}],"author":[{"embeddable":true,"href":"https:\/\/fss.cat\/es\/wp-json\/wp\/v2\/users\/1"}],"replies":[{"embeddable":true,"href":"https:\/\/fss.cat\/es\/wp-json\/wp\/v2\/comments?post=5028"}],"version-history":[{"count":0,"href":"https:\/\/fss.cat\/es\/wp-json\/wp\/v2\/posts\/5028\/revisions"}],"wp:featuredmedia":[{"embeddable":true,"href":"https:\/\/fss.cat\/es\/wp-json\/wp\/v2\/media\/5031"}],"wp:attachment":[{"href":"https:\/\/fss.cat\/es\/wp-json\/wp\/v2\/media?parent=5028"}],"wp:term":[{"taxonomy":"category","embeddable":true,"href":"https:\/\/fss.cat\/es\/wp-json\/wp\/v2\/categories?post=5028"},{"taxonomy":"post_tag","embeddable":true,"href":"https:\/\/fss.cat\/es\/wp-json\/wp\/v2\/tags?post=5028"}],"curies":[{"name":"wp","href":"https:\/\/api.w.org\/{rel}","templated":true}]}}