{"id":5026,"date":"2020-04-22T20:00:57","date_gmt":"2020-04-22T20:00:57","guid":{"rendered":"https:\/\/resi.prova.cat\/resultats-dels-tests-realitzats-als-usuaris-del-servei-de-residencia\/"},"modified":"2020-04-22T20:00:57","modified_gmt":"2020-04-22T20:00:57","slug":"resultats-dels-tests-realitzats-als-usuaris-del-servei-de-residencia","status":"publish","type":"post","link":"https:\/\/fss.cat\/es\/resultats-dels-tests-realitzats-als-usuaris-del-servei-de-residencia\/","title":{"rendered":"Resultats dels tests realitzats als residents"},"content":{"rendered":"<p style=\"font-weight: 400;\"><strong>Els primers resultats dels tests realitzats han confirmat un 75% de casos negatius i un 25% de casos positius de Covid-19 dels usuaris del servei de resid\u00e8ncia.<\/strong><\/p>\n<p style=\"font-weight: 400;\">La Fundaci\u00f3 d\u2019Acollida Santa Susanna ja disposa dels resultats dels tests PCR que membres de l\u2019organitzaci\u00f3 Open Arms van realitzar el passat 17 d\u2019abril als usuaris del servei de resid\u00e8ncia assistida. Dels 87 tests realitzats per detectar la Covid-19, 65 han sortit negatius i 22 positius.<\/p>\n<p style=\"font-weight: 400;\">Els resultats, que ja han sigut comunicats a les fam\u00edlies, permetran reubicar els usuaris per plantes separant les persones usu\u00e0ries segons el seu estat actual i les indicacions de l\u2019equip d\u2019atenci\u00f3 prim\u00e0ria.<\/p>\n<p style=\"font-weight: 400;\">Pel que fa als treballadors\/es, Open Arms nom\u00e9s va fer el test a la meitat dels treballadors de la Fundaci\u00f3 d\u2019Acollida Santa Susanna, la fundaci\u00f3 que ofereix el servei de resid\u00e8ncia. D\u2019aquestes proves, encara no es disposa de tots els resultats.<\/p>\n<p style=\"font-weight: 400;\">S\u2019ha reclamat al Departament de Salut la realitzaci\u00f3 de la prova a la resta de professionals de la Fundaci\u00f3 d\u2019Acollida Santa Susanna i als de la Fundaci\u00f3 Sociosanit\u00e0ria Santa Susanna, aix\u00ed com als usuaris del centre sociosanitari, i estem pendents de la resposta.<\/p>\n<p style=\"font-weight: 400;\">La Fundaci\u00f3 d\u2019Acollida Santa Susanna compta amb el suport de la Fundaci\u00f3 Sociosanit\u00e0ria, que permet un refor\u00e7 de l\u2019atenci\u00f3 assistencial als residents, i amb el suport m\u00e8dic del CAP del municipi. L\u2019equip psicosocial del centre continua oferint suport emocional a les persones usu\u00e0ries i a les fam\u00edlies, amb qui hi ha una comunicaci\u00f3 constant telef\u00f2nicament i s\u2019estan realitzant videoconfer\u00e8ncies.<\/p>\n<p style=\"font-weight: 400;\">El dia 17 es va realitzar una desinfecci\u00f3 de tots els espais del centre a c\u00e0rrec d\u2019una empresa contractada per la Generalitat. \u00a0Tamb\u00e9 compta amb la col\u00b7laboraci\u00f3 de l&#8217;Ajuntament, que ha destinat dues persones per refor\u00e7ar el servei de neteja i la brigada per la desinfecci\u00f3 dels entorns.<\/p>\n<p style=\"font-weight: 400;\">Les tres fundacions agraeixen la confian\u00e7a de les fam\u00edlies, l\u2019esfor\u00e7 dels professionals i les mostres de suport i solidaritat rebudes aquests dies.<\/p>\n","protected":false},"excerpt":{"rendered":"<p>Els primers resultats dels tests realitzats han confirmat un 75% de casos negatius i un 25% de casos positius de Covid-19 dels usuaris del servei de resid\u00e8ncia. La Fundaci\u00f3 d\u2019Acollida Santa Susanna ja disposa dels resultats dels tests PCR que membres de l\u2019organitzaci\u00f3 Open Arms van realitzar el passat 17 d\u2019abril als usuaris del servei [&hellip;]<\/p>\n","protected":false},"author":1,"featured_media":5027,"comment_status":"closed","ping_status":"closed","sticky":false,"template":"","format":"standard","meta":{"_acf_changed":false,"footnotes":""},"categories":[],"tags":[],"class_list":["post-5026","post","type-post","status-publish","format-standard","has-post-thumbnail","hentry"],"acf":[],"_links":{"self":[{"href":"https:\/\/fss.cat\/es\/wp-json\/wp\/v2\/posts\/5026","targetHints":{"allow":["GET"]}}],"collection":[{"href":"https:\/\/fss.cat\/es\/wp-json\/wp\/v2\/posts"}],"about":[{"href":"https:\/\/fss.cat\/es\/wp-json\/wp\/v2\/types\/post"}],"author":[{"embeddable":true,"href":"https:\/\/fss.cat\/es\/wp-json\/wp\/v2\/users\/1"}],"replies":[{"embeddable":true,"href":"https:\/\/fss.cat\/es\/wp-json\/wp\/v2\/comments?post=5026"}],"version-history":[{"count":0,"href":"https:\/\/fss.cat\/es\/wp-json\/wp\/v2\/posts\/5026\/revisions"}],"wp:featuredmedia":[{"embeddable":true,"href":"https:\/\/fss.cat\/es\/wp-json\/wp\/v2\/media\/5027"}],"wp:attachment":[{"href":"https:\/\/fss.cat\/es\/wp-json\/wp\/v2\/media?parent=5026"}],"wp:term":[{"taxonomy":"category","embeddable":true,"href":"https:\/\/fss.cat\/es\/wp-json\/wp\/v2\/categories?post=5026"},{"taxonomy":"post_tag","embeddable":true,"href":"https:\/\/fss.cat\/es\/wp-json\/wp\/v2\/tags?post=5026"}],"curies":[{"name":"wp","href":"https:\/\/api.w.org\/{rel}","templated":true}]}}