{"id":5008,"date":"2020-03-20T19:29:11","date_gmt":"2020-03-20T19:29:11","guid":{"rendered":"https:\/\/resi.prova.cat\/comunicat\/"},"modified":"2020-03-20T19:29:11","modified_gmt":"2020-03-20T19:29:11","slug":"comunicat","status":"publish","type":"post","link":"https:\/\/fss.cat\/es\/comunicat\/","title":{"rendered":"Comunicat"},"content":{"rendered":"<p>Lamentem comunicar que s&#8217;ha confirmat el primer cas de\u00a0COVID-19 en una persona resident a la Fundaci\u00f3 d&#8217;Acollida Santa Susanna tot i l&#8217;aplicaci\u00f3 de les mesures preventives realitzades.<\/p>\n<p>En aquests moments, la persona est\u00e0 estable i tot l&#8217;equip de professionals continua treballant pel benestar de tots els usuaris. Continuem en contacte amb totes les fam\u00edlies, a qui agra\u00efm la seva confian\u00e7a i a qui ens posem al seu servei pel que puguin necessitar.\u00a0I seguirem aplicant els protocols de la Generalitat de Catalunya i \u00a0les mesures preventives i de seguretat al centre.<\/p>\n<p>Agra\u00efm les mostres de suport i solidaritat rebudes aquests dies, especialment la col\u00b7laboraci\u00f3 de particulars, empreses i entitats que han fet donatius i estan ajudant a la confecci\u00f3 de material de protecci\u00f3 per a usuaris i treballadors.\u00a0I agra\u00efm especialment la dedicaci\u00f3 i entrega dels nostres professionals.<\/p>\n","protected":false},"excerpt":{"rendered":"<p>Lamentem comunicar que s&#8217;ha confirmat el primer cas de\u00a0COVID-19 en una persona resident a la Fundaci\u00f3 d&#8217;Acollida Santa Susanna tot i l&#8217;aplicaci\u00f3 de les mesures preventives realitzades. En aquests moments, la persona est\u00e0 estable i tot l&#8217;equip de professionals continua treballant pel benestar de tots els usuaris. Continuem en contacte amb totes les fam\u00edlies, a [&hellip;]<\/p>\n","protected":false},"author":1,"featured_media":5009,"comment_status":"closed","ping_status":"closed","sticky":false,"template":"","format":"standard","meta":{"_acf_changed":false,"footnotes":""},"categories":[],"tags":[],"class_list":["post-5008","post","type-post","status-publish","format-standard","has-post-thumbnail","hentry"],"acf":[],"_links":{"self":[{"href":"https:\/\/fss.cat\/es\/wp-json\/wp\/v2\/posts\/5008","targetHints":{"allow":["GET"]}}],"collection":[{"href":"https:\/\/fss.cat\/es\/wp-json\/wp\/v2\/posts"}],"about":[{"href":"https:\/\/fss.cat\/es\/wp-json\/wp\/v2\/types\/post"}],"author":[{"embeddable":true,"href":"https:\/\/fss.cat\/es\/wp-json\/wp\/v2\/users\/1"}],"replies":[{"embeddable":true,"href":"https:\/\/fss.cat\/es\/wp-json\/wp\/v2\/comments?post=5008"}],"version-history":[{"count":0,"href":"https:\/\/fss.cat\/es\/wp-json\/wp\/v2\/posts\/5008\/revisions"}],"wp:featuredmedia":[{"embeddable":true,"href":"https:\/\/fss.cat\/es\/wp-json\/wp\/v2\/media\/5009"}],"wp:attachment":[{"href":"https:\/\/fss.cat\/es\/wp-json\/wp\/v2\/media?parent=5008"}],"wp:term":[{"taxonomy":"category","embeddable":true,"href":"https:\/\/fss.cat\/es\/wp-json\/wp\/v2\/categories?post=5008"},{"taxonomy":"post_tag","embeddable":true,"href":"https:\/\/fss.cat\/es\/wp-json\/wp\/v2\/tags?post=5008"}],"curies":[{"name":"wp","href":"https:\/\/api.w.org\/{rel}","templated":true}]}}