{"id":5003,"date":"2020-03-16T11:48:16","date_gmt":"2020-03-16T11:48:16","guid":{"rendered":"https:\/\/resi.prova.cat\/adaptant-nos-a-la-situacio-actual\/"},"modified":"2020-03-16T11:48:16","modified_gmt":"2020-03-16T11:48:16","slug":"adaptant-nos-a-la-situacio-actual","status":"publish","type":"post","link":"https:\/\/fss.cat\/es\/adaptant-nos-a-la-situacio-actual\/","title":{"rendered":"Reforcem els serveis d&#8217;atenci\u00f3 domicili\u00e0ria"},"content":{"rendered":"<p>Les fundacions Santa Susanna han modificat l&#8217;activitat habitual per fer front a la situaci\u00f3 excepcional que estem vivint.<\/p>\n<ul>\n<li><strong>S&#8217;han tancat els serveis di\u00fcrns<\/strong>: hospital de dia, centre de dia, servei de menjador..<\/li>\n<li><strong>S&#8217;han refor\u00e7at els serveis d&#8217;atenci\u00f3 domicili\u00e0ria<\/strong> per poder atendre els usuaris dels serveis di\u00fcrns i estem en contacte amb l&#8217;Ajuntament de Caldes de Montbui per si hi ha persones que els puguin necessitar.<\/li>\n<li><strong>S&#8217;ha tancat la cafeteria, la perruqueria i les visites al pod\u00f2leg<\/strong>.<\/li>\n<li><strong>Les<\/strong> <strong>visites no estan permeses<\/strong>. En cas de necessitat, nom\u00e9s podr\u00e0 accedir un familiar.<\/li>\n<\/ul>\n<p>&nbsp;<\/p>\n<p>Agra\u00efm la dedicaci\u00f3 dels nostres professionals i la comprensi\u00f3 dels familiars.<\/p>\n<p>&nbsp;<\/p>\n<p>Podeu contactar amb les fundacions telef\u00f2nicament:<\/p>\n<ul>\n<li>Fundaci\u00f3 Santa Susanna: 93 865 49 94<\/li>\n<li>Fundaci\u00f3 d\u2019Acollida Santa Susanna: 93 865 49 94<\/li>\n<li>Fundaci\u00f3 Sociosanit\u00e0ria Santa Susanna: 93 737 78 33<\/li>\n<\/ul>\n","protected":false},"excerpt":{"rendered":"<p>Les fundacions Santa Susanna han modificat l&#8217;activitat habitual per fer front a la situaci\u00f3 excepcional que estem vivint. S&#8217;han tancat els serveis di\u00fcrns: hospital de dia, centre de dia, servei de menjador.. S&#8217;han refor\u00e7at els serveis d&#8217;atenci\u00f3 domicili\u00e0ria per poder atendre els usuaris dels serveis di\u00fcrns i estem en contacte amb l&#8217;Ajuntament de Caldes de [&hellip;]<\/p>\n","protected":false},"author":1,"featured_media":5004,"comment_status":"closed","ping_status":"closed","sticky":false,"template":"","format":"standard","meta":{"_acf_changed":false,"footnotes":""},"categories":[],"tags":[],"class_list":["post-5003","post","type-post","status-publish","format-standard","has-post-thumbnail","hentry"],"acf":[],"_links":{"self":[{"href":"https:\/\/fss.cat\/es\/wp-json\/wp\/v2\/posts\/5003","targetHints":{"allow":["GET"]}}],"collection":[{"href":"https:\/\/fss.cat\/es\/wp-json\/wp\/v2\/posts"}],"about":[{"href":"https:\/\/fss.cat\/es\/wp-json\/wp\/v2\/types\/post"}],"author":[{"embeddable":true,"href":"https:\/\/fss.cat\/es\/wp-json\/wp\/v2\/users\/1"}],"replies":[{"embeddable":true,"href":"https:\/\/fss.cat\/es\/wp-json\/wp\/v2\/comments?post=5003"}],"version-history":[{"count":0,"href":"https:\/\/fss.cat\/es\/wp-json\/wp\/v2\/posts\/5003\/revisions"}],"wp:featuredmedia":[{"embeddable":true,"href":"https:\/\/fss.cat\/es\/wp-json\/wp\/v2\/media\/5004"}],"wp:attachment":[{"href":"https:\/\/fss.cat\/es\/wp-json\/wp\/v2\/media?parent=5003"}],"wp:term":[{"taxonomy":"category","embeddable":true,"href":"https:\/\/fss.cat\/es\/wp-json\/wp\/v2\/categories?post=5003"},{"taxonomy":"post_tag","embeddable":true,"href":"https:\/\/fss.cat\/es\/wp-json\/wp\/v2\/tags?post=5003"}],"curies":[{"name":"wp","href":"https:\/\/api.w.org\/{rel}","templated":true}]}}