{"id":4991,"date":"2020-02-20T11:36:01","date_gmt":"2020-02-20T11:36:01","guid":{"rendered":"https:\/\/resi.prova.cat\/sexualitat-en-la-maduresa\/"},"modified":"2025-07-09T10:36:36","modified_gmt":"2025-07-09T10:36:36","slug":"sexualitat-en-la-maduresa","status":"publish","type":"post","link":"https:\/\/fss.cat\/es\/sexualitat-en-la-maduresa\/","title":{"rendered":"Sexualitat en la maduresa"},"content":{"rendered":"<div class=\"gs\">\n<div class=\"\">\n<div id=\":15e\" class=\"ii gt\">\n<div id=\":15d\" class=\"a3s aXjCH \">\n<div dir=\"ltr\">El passat 12 de febrer es va inaugurar la <strong>6a edici\u00f3 del cicle \u00abCom podem millorar la nostra salut\u00bb<\/strong> a l&#8217;espai Santa Susanna Cuida, organitzat per l&#8217;Associaci\u00f3 Jard\u00ed Santa Susanna i la Fundaci\u00f3 Santa Susanna.<\/div>\n<div dir=\"ltr\"><\/div>\n<div dir=\"ltr\"><a href=\"https:\/\/fss.cat\/wp-content\/uploads\/2025\/07\/IMG_20200212_190122-scaled.jpg\"><img fetchpriority=\"high\" decoding=\"async\" class=\"aligncenter size-medium wp-image-1737\" src=\"https:\/\/fss.cat\/wp-content\/uploads\/2025\/07\/IMG_20200212_190122-scaled.jpg\" alt=\"6a edici\u00f3 com podem millorar la nostra salut\" width=\"300\" height=\"225\" \/><\/a><\/div>\n<div dir=\"ltr\"><\/div>\n<div dir=\"ltr\">La primera sessi\u00f3 del cicle (despr\u00e9s d&#8217;anul\u00b7lar-se l&#8217;activitat del gener per causes meteorol\u00f2giques) va estar dedicada a la \u00abSexualitat en la maduresa\u00bb i va anar a c\u00e0rrec de la Dra. Eul\u00e0lia Cladellas, metgessa de l&#8217;EAP de Canovelles i membre de la Societat Catalana de Sexologia.<br \/>\nCladellas va fer un rep\u00e0s de la sexualitat al llarg de la hist\u00f2ria, considerant la sexualitat com una forma m\u00e9s de les relacions humanes al llarg de totes les etapes vitals, inclosa la maduresa, que sempre s&#8217;han de basar en el respecte per l&#8217;altre. Va parlar amb \u00e8mfasi de considerar la diversitat com una condici\u00f3 de la naturalesa humana, animant a cultivar el sentit del gaudi i a explorar les pr\u00f2pies potencialitats sensitives i emocionals.Les properes sessions del cicle, que volen oferir als ciutadans de Caldes de Montbui <strong>un espai informatiu i de debat<\/strong> sobre q\u00fcestions que poden millorar la nostra salut, s\u00f3n:<\/p>\n<div>\n<p><a href=\"https:\/\/fss.cat\/wp-content\/uploads\/2025\/07\/com-millorar-la-nostra-salut-2020.jpg\"><img decoding=\"async\" class=\"wp-image-1641\" src=\"https:\/\/fss.cat\/wp-content\/uploads\/2025\/07\/com-millorar-la-nostra-salut-2020.jpg\" alt=\"\" width=\"650\" height=\"501\" \/><\/a><\/p>\n<\/div>\n<\/div>\n<\/div>\n<\/div>\n<div class=\"hi\"><\/div>\n<\/div>\n<\/div>\n","protected":false},"excerpt":{"rendered":"<p>El passat 12 de febrer es va inaugurar la 6a edici\u00f3 del cicle \u00abCom podem millorar la nostra salut\u00bb a l&#8217;espai Santa Susanna Cuida, organitzat per l&#8217;Associaci\u00f3 Jard\u00ed Santa Susanna i la Fundaci\u00f3 Santa Susanna. La primera sessi\u00f3 del cicle (despr\u00e9s d&#8217;anul\u00b7lar-se l&#8217;activitat del gener per causes meteorol\u00f2giques) va estar dedicada a la \u00abSexualitat en [&hellip;]<\/p>\n","protected":false},"author":1,"featured_media":4994,"comment_status":"closed","ping_status":"closed","sticky":false,"template":"","format":"standard","meta":{"_acf_changed":false,"footnotes":""},"categories":[],"tags":[],"class_list":["post-4991","post","type-post","status-publish","format-standard","has-post-thumbnail","hentry"],"acf":[],"_links":{"self":[{"href":"https:\/\/fss.cat\/es\/wp-json\/wp\/v2\/posts\/4991","targetHints":{"allow":["GET"]}}],"collection":[{"href":"https:\/\/fss.cat\/es\/wp-json\/wp\/v2\/posts"}],"about":[{"href":"https:\/\/fss.cat\/es\/wp-json\/wp\/v2\/types\/post"}],"author":[{"embeddable":true,"href":"https:\/\/fss.cat\/es\/wp-json\/wp\/v2\/users\/1"}],"replies":[{"embeddable":true,"href":"https:\/\/fss.cat\/es\/wp-json\/wp\/v2\/comments?post=4991"}],"version-history":[{"count":0,"href":"https:\/\/fss.cat\/es\/wp-json\/wp\/v2\/posts\/4991\/revisions"}],"wp:featuredmedia":[{"embeddable":true,"href":"https:\/\/fss.cat\/es\/wp-json\/wp\/v2\/media\/4994"}],"wp:attachment":[{"href":"https:\/\/fss.cat\/es\/wp-json\/wp\/v2\/media?parent=4991"}],"wp:term":[{"taxonomy":"category","embeddable":true,"href":"https:\/\/fss.cat\/es\/wp-json\/wp\/v2\/categories?post=4991"},{"taxonomy":"post_tag","embeddable":true,"href":"https:\/\/fss.cat\/es\/wp-json\/wp\/v2\/tags?post=4991"}],"curies":[{"name":"wp","href":"https:\/\/api.w.org\/{rel}","templated":true}]}}